{"id":24523,"date":"2022-12-02T09:29:18","date_gmt":"2022-12-02T12:29:18","guid":{"rendered":"https:\/\/corrientesdetarde.com\/?p=24523"},"modified":"2022-12-02T09:29:21","modified_gmt":"2022-12-02T12:29:21","slug":"danzas-clasicas-y-espanolas-en-las-puertas-del-teatro-juan-de-vera","status":"publish","type":"post","link":"https:\/\/corrientesdetarde.com\/index.php\/cultura\/danzas-clasicas-y-espanolas-en-las-puertas-del-teatro-juan-de-vera\/","title":{"rendered":"Danzas cl\u00e1sicas y espa\u00f1olas en las puertas del Teatro Juan de Vera"},"content":{"rendered":"\n<p>La presentaci\u00f3n tendr\u00e1 como protagonistas al Estudio de Ballet Ra\u00fal Cerd\u00e1n Aguirre y Jos\u00e9 Aguilar, y a la Fundaci\u00f3n Gitane Centro de Estudios Art\u00edsticos de Nathalia Rodr\u00edguez.\u00a0\u00a0<\/p>\n\n\n\n<p>Vuelve la danza al Teatro Oficial Juan de Vera tras la pandemia. El show ser\u00e1 el domingo 11 de diciembre a las 21 en el marco del ciclo gratuito \u201cEn las puertas del Vera\u201d y tendr\u00e1 como protagonistas al Estudio de Ballet Ra\u00fal Cerd\u00e1n Aguirre y Jos\u00e9 Aguilar, y a la Fundaci\u00f3n Gitane Centro de Estudios Art\u00edsticos de Nathalia Rodr\u00edguez.&nbsp;<\/p>\n\n\n\n<p>\u201cEl Vera danza\u201d Cl\u00e1sico\/Espa\u00f1ol &#8211; Espa\u00f1ol\/Cl\u00e1sico propondr\u00e1 un repertorio de danzas cl\u00e1sicas y espa\u00f1olas interpretadas por alumnos del Estudio de Ballet Ra\u00fal Cerd\u00e1n Aguirre y Jos\u00e9 Aguilar, y de la Fundaci\u00f3n Gitane Centro de Estudios Art\u00edsticos.&nbsp;<\/p>\n\n\n\n<p>Durante la velada tambi\u00e9n se rendir\u00e1 homenaje a una figura relevante de la danza espa\u00f1ola, la maestra Sibila Miatello qui\u00e9n falleci\u00f3 este a\u00f1o y fue un baluarte de la danza espa\u00f1ola, en Argentina.&nbsp;<\/p>\n\n\n\n<p>La actividad es organizada por el Instituto de Cultura de Corrientes a trav\u00e9s de la Direcci\u00f3n de Artes Esc\u00e9nicas M\u00fasica y Artes Audiovisuales y cuenta con la producci\u00f3n general del Teatro Oficial Juan de Vera.&nbsp;<\/p>\n\n\n\n<p><strong>Los protagonistas&nbsp;<\/strong><\/p>\n\n\n\n<p>Ra\u00fal Cerdan Aguirre y Jos\u00e9 Aguilar iniciaron sus estudios en Corrientes, perfeccion\u00e1ndose con docentes del Teatro Col\u00f3n, del Teatro San Mart\u00edn (de Buenos Aires) y en distintos estudios privados, enriqueciendo su formaci\u00f3n en la Habana, Cuba. &nbsp;<\/p>\n\n\n\n<p>En el a\u00f1o 1998 fundaron el \u201cEstudio de Ballet de Cerd\u00e1n Aguirre- Aguilar\u201d recibiendo Premios como mejores maestros en diferentes ciudades, en los a\u00f1os 2000, 2003, 2006 Y 2018. &nbsp;<\/p>\n\n\n\n<p>Tambi\u00e9n recibieron el Premio de \u201cDivulgadores de la Danza Cl\u00e1sica\u201d en Buenos Aires, en el a\u00f1o 2003 y Aporte a la difusi\u00f3n de la Danza Cl\u00e1sica en Misiones en el a\u00f1o 2010 y para el 2021 fueron condecorados con el \u201cPremio Corrientes\u201d por su labor destacada en la Danza Cl\u00e1sica. El Estudio de Ballet fue distinguido por el Vicegobernador de Corrientes y sus maestros, fueron galardonados por su denodada labor docente. &nbsp;<\/p>\n\n\n\n<p>Desde el a\u00f1o 2003, el estudio convoca para sus funciones, a destacados bailarines de Cuba, del Teatro Col\u00f3n, del Teatro Argentino de La Plata y del Ballet del Centro del Conocimiento de Misiones, donde algunas de estas figuras pisaron por primera vez nuestro suelo. &nbsp;&nbsp;<\/p>\n\n\n\n<p>Dicha instituci\u00f3n participa en cert\u00e1menes nacionales e internacionales. Precisamente por ello es que se lo reconoce como el Estudio de Ballet m\u00e1s premiado en Danza Cl\u00e1sica. &nbsp;<\/p>\n\n\n\n<p>La Fundaci\u00f3n Gitane Centro de Estudios Art\u00edsticos por su parte lleva m\u00e1s de 30 a\u00f1os de trayectoria en formaci\u00f3n de artistas de las provincias del Chaco y Corrientes adem\u00e1s de la realizaci\u00f3n de grandes producciones musicales en la regi\u00f3n. &nbsp;<\/p>\n\n\n\n<p>Desde el a\u00f1o 2008, el Ballet Gitane realiza sus actividades en la Sociedad Espa\u00f1ola, Sociedad de Socorros Mutuos de Corrientes, a la que representa institucional y protocolarmente como as\u00ed tambi\u00e9n, desde el 2019 en su hom\u00f3loga de la ciudad de Resistencia. &nbsp;<\/p>\n\n\n\n<p>Su m\u00e1ximo desempe\u00f1o en educaci\u00f3n art\u00edstica es la carrera de bailarines profesionales-int\u00e9rpretes en danza espa\u00f1ola, que sigue el programa de estudios del Real Conservatorio de Mariemma de Madrid, supervisado por Nathalia Rodr\u00edguez, como maestra preparadora en danza espa\u00f1ola y directora del Centro de Estudios Art\u00edsticos de la Fundaci\u00f3n Gitane en el Chaco y en Corrientes.<\/p>\n","protected":false},"excerpt":{"rendered":"<p>La presentaci\u00f3n tendr\u00e1 como protagonistas al Estudio de Ballet Ra\u00fal Cerd\u00e1n Aguirre y Jos\u00e9 Aguilar, y a la Fundaci\u00f3n Gitane Centro de Estudios Art\u00edsticos de Nathalia Rodr\u00edguez.\u00a0\u00a0 Vuelve la danza&hellip; <\/p>\n","protected":false},"author":4,"featured_media":24528,"comment_status":"closed","ping_status":"open","sticky":false,"template":"","format":"standard","meta":{"footnotes":""},"categories":[15],"tags":[],"class_list":["post-24523","post","type-post","status-publish","format-standard","has-post-thumbnail","hentry","category-cultura"],"_links":{"self":[{"href":"https:\/\/corrientesdetarde.com\/index.php\/wp-json\/wp\/v2\/posts\/24523","targetHints":{"allow":["GET"]}}],"collection":[{"href":"https:\/\/corrientesdetarde.com\/index.php\/wp-json\/wp\/v2\/posts"}],"about":[{"href":"https:\/\/corrientesdetarde.com\/index.php\/wp-json\/wp\/v2\/types\/post"}],"author":[{"embeddable":true,"href":"https:\/\/corrientesdetarde.com\/index.php\/wp-json\/wp\/v2\/users\/4"}],"replies":[{"embeddable":true,"href":"https:\/\/corrientesdetarde.com\/index.php\/wp-json\/wp\/v2\/comments?post=24523"}],"version-history":[{"count":1,"href":"https:\/\/corrientesdetarde.com\/index.php\/wp-json\/wp\/v2\/posts\/24523\/revisions"}],"predecessor-version":[{"id":24529,"href":"https:\/\/corrientesdetarde.com\/index.php\/wp-json\/wp\/v2\/posts\/24523\/revisions\/24529"}],"wp:featuredmedia":[{"embeddable":true,"href":"https:\/\/corrientesdetarde.com\/index.php\/wp-json\/wp\/v2\/media\/24528"}],"wp:attachment":[{"href":"https:\/\/corrientesdetarde.com\/index.php\/wp-json\/wp\/v2\/media?parent=24523"}],"wp:term":[{"taxonomy":"category","embeddable":true,"href":"https:\/\/corrientesdetarde.com\/index.php\/wp-json\/wp\/v2\/categories?post=24523"},{"taxonomy":"post_tag","embeddable":true,"href":"https:\/\/corrientesdetarde.com\/index.php\/wp-json\/wp\/v2\/tags?post=24523"}],"curies":[{"name":"wp","href":"https:\/\/api.w.org\/{rel}","templated":true}]}}