{"id":24748,"date":"2022-12-02T21:45:09","date_gmt":"2022-12-03T00:45:09","guid":{"rendered":"https:\/\/corrientesdetarde.com\/?p=24748"},"modified":"2022-12-02T21:45:12","modified_gmt":"2022-12-03T00:45:12","slug":"el-soldado-chaqueno-acusado-de-matar-a-su-novia-la-meti-en-una-bolsa-de-dormir-y-la-tire-al-rio","status":"publish","type":"post","link":"https:\/\/corrientesdetarde.com\/index.php\/crimen-y-justicia\/el-soldado-chaqueno-acusado-de-matar-a-su-novia-la-meti-en-una-bolsa-de-dormir-y-la-tire-al-rio\/","title":{"rendered":"El soldado chaque\u00f1o acusado de matar a su novia: &#8220;La met\u00ed en una bolsa de dormir y la tir\u00e9 al r\u00edo&#8221;"},"content":{"rendered":"\n<p>Este viernes el chaque\u00f1o Jorge Rojas, militar detenido por ser el presunto autor del femicidio de su novia Agustina Yoselie Nadal Herrera en Bah\u00eda Blanca se neg\u00f3 declarar ante la fiscal\u00eda, pero, fuentes judiciales aseguran que realiz\u00f3 una confesi\u00f3n al momento de ser detenidos.<\/p>\n\n\n\n<p>Seg\u00fan voceros del caso citados por T\u00e9lam, el hombre de 23 a\u00f1os habr\u00eda dicho a los efectivos de la Comisar\u00eda Cuarta: &#8220;La met\u00ed en una bolsa de dormir y la tir\u00e9 al r\u00edo&#8221;. Rojas contin\u00faa detenido en dicha delegaci\u00f3n policial tras haber reconocido que mat\u00f3 a su novia.<\/p>\n\n\n\n<p>El presunto femicida no ratific\u00f3 la versi\u00f3n ante el fiscal Rodolfo de Luc\u00eda, quien lo imput\u00f3 por &#8220;homicidio doblemente agravado por el v\u00ednculo y por mediar violencia de g\u00e9nero&#8221; que prev\u00e9 la pena de prisi\u00f3n perpetua.<\/p>\n\n\n\n<p>Tanto Rojas como Nadal Herrera eran soldados en la base aeronaval Comandante Espora y, seg\u00fan la autopsia, el hombre la habr\u00eda asfixiado &#8220;por compresi\u00f3n externa de la laringe&#8221; que provoc\u00f3 la &#8220;interrupci\u00f3n en la ventilaci\u00f3n con insuficiencia respiratorias&#8221; en un contexto de &#8220;muerte violenta&#8221;.<\/p>\n\n\n\n<p>Adem\u00e1s, el cuerpo de la victima ten\u00eda hematomas en la cara y el cuero cabelludo sin lesiones \u00f3seas ni neurol\u00f3gicas, lo que indica que fue golpeado varias veces.<\/p>\n","protected":false},"excerpt":{"rendered":"<p>Este viernes el chaque\u00f1o Jorge Rojas, militar detenido por ser el presunto autor del femicidio de su novia Agustina Yoselie Nadal Herrera en Bah\u00eda Blanca se neg\u00f3 declarar ante la&hellip; <\/p>\n","protected":false},"author":1,"featured_media":24754,"comment_status":"closed","ping_status":"open","sticky":false,"template":"","format":"standard","meta":{"footnotes":""},"categories":[5],"tags":[],"class_list":["post-24748","post","type-post","status-publish","format-standard","has-post-thumbnail","hentry","category-crimen-y-justicia"],"_links":{"self":[{"href":"https:\/\/corrientesdetarde.com\/index.php\/wp-json\/wp\/v2\/posts\/24748","targetHints":{"allow":["GET"]}}],"collection":[{"href":"https:\/\/corrientesdetarde.com\/index.php\/wp-json\/wp\/v2\/posts"}],"about":[{"href":"https:\/\/corrientesdetarde.com\/index.php\/wp-json\/wp\/v2\/types\/post"}],"author":[{"embeddable":true,"href":"https:\/\/corrientesdetarde.com\/index.php\/wp-json\/wp\/v2\/users\/1"}],"replies":[{"embeddable":true,"href":"https:\/\/corrientesdetarde.com\/index.php\/wp-json\/wp\/v2\/comments?post=24748"}],"version-history":[{"count":1,"href":"https:\/\/corrientesdetarde.com\/index.php\/wp-json\/wp\/v2\/posts\/24748\/revisions"}],"predecessor-version":[{"id":24756,"href":"https:\/\/corrientesdetarde.com\/index.php\/wp-json\/wp\/v2\/posts\/24748\/revisions\/24756"}],"wp:featuredmedia":[{"embeddable":true,"href":"https:\/\/corrientesdetarde.com\/index.php\/wp-json\/wp\/v2\/media\/24754"}],"wp:attachment":[{"href":"https:\/\/corrientesdetarde.com\/index.php\/wp-json\/wp\/v2\/media?parent=24748"}],"wp:term":[{"taxonomy":"category","embeddable":true,"href":"https:\/\/corrientesdetarde.com\/index.php\/wp-json\/wp\/v2\/categories?post=24748"},{"taxonomy":"post_tag","embeddable":true,"href":"https:\/\/corrientesdetarde.com\/index.php\/wp-json\/wp\/v2\/tags?post=24748"}],"curies":[{"name":"wp","href":"https:\/\/api.w.org\/{rel}","templated":true}]}}