{"id":24749,"date":"2022-12-02T21:43:12","date_gmt":"2022-12-03T00:43:12","guid":{"rendered":"https:\/\/corrientesdetarde.com\/?p=24749"},"modified":"2022-12-02T21:43:17","modified_gmt":"2022-12-03T00:43:17","slug":"prefectura-secuestro-mas-de-110-kilos-de-marihuana-en-una-isla-de-corrientes","status":"publish","type":"post","link":"https:\/\/corrientesdetarde.com\/index.php\/informacion-general\/prefectura-secuestro-mas-de-110-kilos-de-marihuana-en-una-isla-de-corrientes\/","title":{"rendered":"Prefectura secuestr\u00f3 m\u00e1s de 110 kilos de marihuana en una isla de Corrientes"},"content":{"rendered":"\n<p>El operativo fue en la Isla Tatui, a la altura del kil\u00f3metro 1288 del r\u00edo Paran\u00e1, cuando personal que patrullaba la costa hall\u00f3 cinco bultos con estupefacientes en su interior.<\/p>\n\n\n\n<p>Se trata de m\u00e1s de 112 kilos de marihuana, divididos en 137 panes, que fueron secuestrados por indicaciones de la Fiscal\u00eda Federal de Primera Instancia N 1.<\/p>\n\n\n\n<figure class=\"wp-block-image\"><img decoding=\"async\" src=\"https:\/\/www.diarioepoca.com\/content\/bucket\/5\/1266525w762h572c.jpg.webp\" alt=\"\"\/><\/figure>\n","protected":false},"excerpt":{"rendered":"<p>El operativo fue en la Isla Tatui, a la altura del kil\u00f3metro 1288 del r\u00edo Paran\u00e1, cuando personal que patrullaba la costa hall\u00f3 cinco bultos con estupefacientes en su interior.&hellip; <\/p>\n","protected":false},"author":1,"featured_media":24753,"comment_status":"closed","ping_status":"open","sticky":false,"template":"","format":"standard","meta":{"footnotes":""},"categories":[1],"tags":[],"class_list":["post-24749","post","type-post","status-publish","format-standard","has-post-thumbnail","hentry","category-informacion-general"],"_links":{"self":[{"href":"https:\/\/corrientesdetarde.com\/index.php\/wp-json\/wp\/v2\/posts\/24749","targetHints":{"allow":["GET"]}}],"collection":[{"href":"https:\/\/corrientesdetarde.com\/index.php\/wp-json\/wp\/v2\/posts"}],"about":[{"href":"https:\/\/corrientesdetarde.com\/index.php\/wp-json\/wp\/v2\/types\/post"}],"author":[{"embeddable":true,"href":"https:\/\/corrientesdetarde.com\/index.php\/wp-json\/wp\/v2\/users\/1"}],"replies":[{"embeddable":true,"href":"https:\/\/corrientesdetarde.com\/index.php\/wp-json\/wp\/v2\/comments?post=24749"}],"version-history":[{"count":1,"href":"https:\/\/corrientesdetarde.com\/index.php\/wp-json\/wp\/v2\/posts\/24749\/revisions"}],"predecessor-version":[{"id":24755,"href":"https:\/\/corrientesdetarde.com\/index.php\/wp-json\/wp\/v2\/posts\/24749\/revisions\/24755"}],"wp:featuredmedia":[{"embeddable":true,"href":"https:\/\/corrientesdetarde.com\/index.php\/wp-json\/wp\/v2\/media\/24753"}],"wp:attachment":[{"href":"https:\/\/corrientesdetarde.com\/index.php\/wp-json\/wp\/v2\/media?parent=24749"}],"wp:term":[{"taxonomy":"category","embeddable":true,"href":"https:\/\/corrientesdetarde.com\/index.php\/wp-json\/wp\/v2\/categories?post=24749"},{"taxonomy":"post_tag","embeddable":true,"href":"https:\/\/corrientesdetarde.com\/index.php\/wp-json\/wp\/v2\/tags?post=24749"}],"curies":[{"name":"wp","href":"https:\/\/api.w.org\/{rel}","templated":true}]}}