{"id":24750,"date":"2022-12-02T21:13:47","date_gmt":"2022-12-03T00:13:47","guid":{"rendered":"https:\/\/corrientesdetarde.com\/?p=24750"},"modified":"2022-12-02T21:13:50","modified_gmt":"2022-12-03T00:13:50","slug":"violencia-familiar-en-corrientes-encuesta-realizada-con-adolescentes-revela-datos-alarmantes","status":"publish","type":"post","link":"https:\/\/corrientesdetarde.com\/index.php\/sociales\/violencia-familiar-en-corrientes-encuesta-realizada-con-adolescentes-revela-datos-alarmantes\/","title":{"rendered":"Violencia Familiar en Corrientes:\u00a0 Encuesta realizada con adolescentes revela datos alarmantes"},"content":{"rendered":"\n<p>Un relevamiento realizado con adolescentes de algunos establecimientos escolares de las provincias de Corrientes y Chaco, dej\u00f3 al descubierto altos \u00edndices de violencia intrafamiliar en sus distintas manifestaciones.<\/p>\n\n\n\n<p>Estas &#8220;denuncias veladas&#8221; fueron recabadas en encuestas an\u00f3nimas al final de Talleres de Sensibilizaci\u00f3n, organizados como parte de un Proyecto de Voluntariado &#8220;Universidades Publicas Solidarias&#8221;, perteneciente a la Facultad de Derecho, Ciencias Sociales y Pol\u00edticas de la UNNE, denominado &#8220;Adolescer sin Violencia&#8221;.<\/p>\n\n\n\n<p>Las encuestas tuvieron como objetivo conocer la realidad de los adolescentes en relaci\u00f3n a la violencia intrafamiliar, si eran v\u00edctimas de violencia, su conocimiento sobre los distintos tipos de violencia y contar con datos estad\u00edsticos en relaci\u00f3n al tema. El dise\u00f1o del cuestionario estuvo a cargo de profesionales de distintas disciplinas, con el respaldo y asesoramiento de estudiantes y Licenciados en Trabajo Social.<\/p>\n\n\n\n<p>El resultado de las encuestas s\u00f3lo refiere a la provincia de Corrientes, las cifras de lo realizado en la provincia del Chaco no fueron a\u00fan cargadas ni analizadas.<\/p>\n\n\n\n<p>Las cifras finales del relevamiento activaron una alarma entre los profesionales involucrados en el Proyecto de Voluntariado Universitario. La encuesta abarc\u00f3 a un universo de 1000 adolescentes segmentados en tres grupos etarios de establecimientos educativos del interior de Corrientes y Chaco, como as\u00ed tambi\u00e9n de las ciudades capitales.<\/p>\n\n\n\n<p>De ese universo, 580 son los estudiantes correntinos que respondieron de manera an\u00f3nima las preguntas y cuyos resultados fueron dados a conocer recientemente.<\/p>\n\n\n\n<p>Seg\u00fan lo que detalla el informe presentado a las autoridades de la Facultad de Derecho de la UNNE, las cifras que despertaron preocupaci\u00f3n son las siguientes:&nbsp;<strong>el 38% de los encuestados manifest\u00f3 que es v\u00edctima de violencia intrafamiliar; de los cuales el 75% de ellos padecen violencia f\u00edsica, el 71% violencia psicol\u00f3gica y el 8% sexual.<\/strong><\/p>\n\n\n\n<p>Si se dividen en funci\u00f3n del sexo, los adolescentes que manifestaron sufrir cualquier tipo de violencia en el seno familiar, 59% son mujeres y el 41% varones.&nbsp;<strong>Cuando se les pidi\u00f3 que identifiquen al agresor, expresaron en un 31% que son ambos padres, el 19% s\u00f3lo la madre, 18% solo el padre, en porcentajes menores tambi\u00e9n identificaron a los abuelos convivientes, hermanos mayores, t\u00edos y padrastros.<\/strong><\/p>\n\n\n\n<p>&#8220;Al leer cada encuesta, nos encontramos con un claro pedido de auxilio de los j\u00f3venes. No s\u00f3lo respondieron cada \u00edtem del cuestionario, sino que se tomaron el tiempo para contar su historia personal&#8221;, coment\u00f3 la directora del proyecto la doctora Pura Gauna.<\/p>\n\n\n\n<p>&#8220;A la hora de precisar los tipos de violencia a los que son sometidos, muchos refieren a la humillaci\u00f3n. La palabra inservible se lee constantemente; el abandono emocional: &#8220;mis padres no me quieren escuchar, me han abandonado, me insultan por mi orientaci\u00f3n sexual, se burlan de mi f\u00edsico&#8221;, detalla la abogada Jesica Paz, miembro extensionista del proyecto.<\/p>\n\n\n\n<p>&#8220;Cuando se consulta sobre el tipo de violencia f\u00edsica a los que son sometidos mencionan que son golpeados con diversos elementos: cintos, palos, chicote, tenaza, golpes hasta inclusive la utilizaci\u00f3n de armas&#8221;, detalla Paz al describir aspectos de la encuesta que sembr\u00f3 preocupaci\u00f3n entre los profesionales universitarios.<\/p>\n\n\n\n<p>&#8220;Con respecto a la violencia sexual, tanto las mujeres como los varones han contado su experiencia y en casi igual porcentaje. Curiosamente, los varones se han explayado m\u00e1s y se nota en cada letra la angustia ante la situaci\u00f3n, eliminando as\u00ed el mito de que solo las mujeres son v\u00edctimas de violencia&#8221;, agreg\u00f3 Paz.<\/p>\n\n\n\n<p>En cada lugar en donde se realizaron los talleres y las encuestas , la directora del proyecto estuvo acompa\u00f1ada por docentes de las c\u00e1tedras de Derecho Penal, doctor Isidoro Sasson; de Civil V &#8220;A&#8221;, doctores Fernando Samudio y Gabriela Altamirano, el Juez de Paz de la localidad de It\u00e1 Ibat\u00e9, doctor Eduardo Modenutti, como as\u00ed tambi\u00e9n estudiantes de la Facultad de Derecho de la UNNE y de la Licenciatura de la Carrera de Trabajo Social.<\/p>\n\n\n\n<p><strong>Una informaci\u00f3n que arroj\u00f3 cierta tranquilidad a los extensionistas universitarios, es que los cuestionarios arrojaron que los adolescentes tienen en claro que pueden y deben &#8220;denunciar&#8221;.<\/strong><\/p>\n\n\n\n<p>&#8220;Pero no se sienten acompa\u00f1ados para realizar ese primer paso, y es all\u00ed donde nosotros concientizamos brind\u00e1ndoles todas las herramientas que ellos tienen en su alcance m\u00e1s cercano&#8221;, se\u00f1al\u00f3 la doctora Gauna.<\/p>\n\n\n\n<p>Por su parte el m\u00e9dico pediatra, Flavio Serra, participante del proyecto, consider\u00f3 que para revertir esta situaci\u00f3n de violencia &#8220;se necesita de la participaci\u00f3n y compromiso de todos, porque para mejorar de la conducta de la juventud requiere mejorar su memoria emocional, y para ello necesitan de buenos ejemplos en la familia, en las escuelas, en la comunidad, y en los dirigentes&#8221;.<\/p>\n\n\n\n<p>Con el compromiso de la subsecretaria General de Extensi\u00f3n Universitaria de la UNNE, mag\u00edster Viviana Berche\u00f1i, la instituci\u00f3n trabajar\u00e1 junto a los profesionales que llevan adelante este proyecto para definir estrategias que aborden el problema de forma interdisciplinaria.<\/p>\n","protected":false},"excerpt":{"rendered":"<p>Un relevamiento realizado con adolescentes de algunos establecimientos escolares de las provincias de Corrientes y Chaco, dej\u00f3 al descubierto altos \u00edndices de violencia intrafamiliar en sus distintas manifestaciones. Estas &#8220;denuncias&hellip; <\/p>\n","protected":false},"author":1,"featured_media":24751,"comment_status":"closed","ping_status":"open","sticky":false,"template":"","format":"standard","meta":{"footnotes":""},"categories":[17],"tags":[],"class_list":["post-24750","post","type-post","status-publish","format-standard","has-post-thumbnail","hentry","category-sociales"],"_links":{"self":[{"href":"https:\/\/corrientesdetarde.com\/index.php\/wp-json\/wp\/v2\/posts\/24750","targetHints":{"allow":["GET"]}}],"collection":[{"href":"https:\/\/corrientesdetarde.com\/index.php\/wp-json\/wp\/v2\/posts"}],"about":[{"href":"https:\/\/corrientesdetarde.com\/index.php\/wp-json\/wp\/v2\/types\/post"}],"author":[{"embeddable":true,"href":"https:\/\/corrientesdetarde.com\/index.php\/wp-json\/wp\/v2\/users\/1"}],"replies":[{"embeddable":true,"href":"https:\/\/corrientesdetarde.com\/index.php\/wp-json\/wp\/v2\/comments?post=24750"}],"version-history":[{"count":1,"href":"https:\/\/corrientesdetarde.com\/index.php\/wp-json\/wp\/v2\/posts\/24750\/revisions"}],"predecessor-version":[{"id":24752,"href":"https:\/\/corrientesdetarde.com\/index.php\/wp-json\/wp\/v2\/posts\/24750\/revisions\/24752"}],"wp:featuredmedia":[{"embeddable":true,"href":"https:\/\/corrientesdetarde.com\/index.php\/wp-json\/wp\/v2\/media\/24751"}],"wp:attachment":[{"href":"https:\/\/corrientesdetarde.com\/index.php\/wp-json\/wp\/v2\/media?parent=24750"}],"wp:term":[{"taxonomy":"category","embeddable":true,"href":"https:\/\/corrientesdetarde.com\/index.php\/wp-json\/wp\/v2\/categories?post=24750"},{"taxonomy":"post_tag","embeddable":true,"href":"https:\/\/corrientesdetarde.com\/index.php\/wp-json\/wp\/v2\/tags?post=24750"}],"curies":[{"name":"wp","href":"https:\/\/api.w.org\/{rel}","templated":true}]}}