{"id":247618,"date":"2026-02-27T20:52:32","date_gmt":"2026-02-27T23:52:32","guid":{"rendered":"https:\/\/corrientesdetarde.com\/?p=247618"},"modified":"2026-02-27T20:52:38","modified_gmt":"2026-02-27T23:52:38","slug":"corrientes-robaron-10-millones-de-pesos-a-un-camionero-en-una-estacion-de-servicios","status":"publish","type":"post","link":"https:\/\/corrientesdetarde.com\/index.php\/actualidad\/corrientes-robaron-10-millones-de-pesos-a-un-camionero-en-una-estacion-de-servicios\/","title":{"rendered":"Corrientes: robaron 10 millones de pesos a un camionero en una estaci\u00f3n de servicios\u00a0"},"content":{"rendered":"\n<p>La Polic\u00eda de Corrientes investiga un extra\u00f1o robo denunciado el mi\u00e9rcoles por la noche, por un camionero que dijo haber sufrido un violento asalto a punta de pistola. Seg\u00fan se\u00f1al\u00f3 le sustrajeron $10.000.000 en efectivo, cuando estaba estacionado descansando frente a una conocida estaci\u00f3n de servicio de Ruta 12 y calle Cuba de la capital provincial.<\/p>\n\n\n\n<p>El atraco habr\u00eda ocurrido alrededor de las 22:30, cuando el conductor y un acompa\u00f1ante de la empresa &#8220;Mariano Santos S.R.L.&#8221; Distribuidora de Alimentos oriunda de Quitilipi Chaco se detuvieron para descansar, asearse y calentar agua, antes de continuar viaje.<\/p>\n\n\n\n<p>El chofer de apellido Cubilla de 24 a\u00f1os dijo que tres sujetos a bordo de un autom\u00f3vil, cuyo color y modelo no pudo describir, llegaron y a punta de pistola los amenazaron, los golpearon y hasta rompieron el vidrio de una de las puertas de la cabina para poder acceder a la misma donde estaba el conductor.<\/p>\n\n\n\n<p>Revolvieron todo y se llevaron el dinero del interior de la gabeta que estaba bajo llave.<\/p>\n\n\n\n<p>Para la Polic\u00eda resulta extra\u00f1o que el robo haya sucedido con tanta precisi\u00f3n, y tanta informaci\u00f3n puntual, pero no se descartan una posible &#8220;entrega&#8221;.<\/p>\n\n\n\n<p>Habria contradicciones entre las dos camioneros pero adem\u00e1s, el veh\u00edculo debi\u00f3 pasar la noche en otro lugar y no donde supuestamente ocurrio el ataque. Los investigadores de la Comisar\u00eda 13\u00b0, est\u00e1n indagando sobre el hecho.<\/p>\n","protected":false},"excerpt":{"rendered":"<p>La Polic\u00eda de Corrientes investiga un extra\u00f1o robo denunciado el mi\u00e9rcoles por la noche, por un camionero que dijo haber sufrido un violento asalto a punta de pistola. Seg\u00fan se\u00f1al\u00f3&hellip; <\/p>\n","protected":false},"author":4,"featured_media":247626,"comment_status":"closed","ping_status":"open","sticky":false,"template":"","format":"standard","meta":{"footnotes":""},"categories":[23,33],"tags":[],"class_list":["post-247618","post","type-post","status-publish","format-standard","has-post-thumbnail","hentry","category-actualidad","category-policiales"],"_links":{"self":[{"href":"https:\/\/corrientesdetarde.com\/index.php\/wp-json\/wp\/v2\/posts\/247618","targetHints":{"allow":["GET"]}}],"collection":[{"href":"https:\/\/corrientesdetarde.com\/index.php\/wp-json\/wp\/v2\/posts"}],"about":[{"href":"https:\/\/corrientesdetarde.com\/index.php\/wp-json\/wp\/v2\/types\/post"}],"author":[{"embeddable":true,"href":"https:\/\/corrientesdetarde.com\/index.php\/wp-json\/wp\/v2\/users\/4"}],"replies":[{"embeddable":true,"href":"https:\/\/corrientesdetarde.com\/index.php\/wp-json\/wp\/v2\/comments?post=247618"}],"version-history":[{"count":1,"href":"https:\/\/corrientesdetarde.com\/index.php\/wp-json\/wp\/v2\/posts\/247618\/revisions"}],"predecessor-version":[{"id":247627,"href":"https:\/\/corrientesdetarde.com\/index.php\/wp-json\/wp\/v2\/posts\/247618\/revisions\/247627"}],"wp:featuredmedia":[{"embeddable":true,"href":"https:\/\/corrientesdetarde.com\/index.php\/wp-json\/wp\/v2\/media\/247626"}],"wp:attachment":[{"href":"https:\/\/corrientesdetarde.com\/index.php\/wp-json\/wp\/v2\/media?parent=247618"}],"wp:term":[{"taxonomy":"category","embeddable":true,"href":"https:\/\/corrientesdetarde.com\/index.php\/wp-json\/wp\/v2\/categories?post=247618"},{"taxonomy":"post_tag","embeddable":true,"href":"https:\/\/corrientesdetarde.com\/index.php\/wp-json\/wp\/v2\/tags?post=247618"}],"curies":[{"name":"wp","href":"https:\/\/api.w.org\/{rel}","templated":true}]}}