{"id":247622,"date":"2026-02-27T22:48:13","date_gmt":"2026-02-28T01:48:13","guid":{"rendered":"https:\/\/corrientesdetarde.com\/?p=247622"},"modified":"2026-02-27T22:48:25","modified_gmt":"2026-02-28T01:48:25","slug":"la-legislatura-se-ilumina-para-concientizar-sobre-las-enfermedades-poco-frecuentes","status":"publish","type":"post","link":"https:\/\/corrientesdetarde.com\/index.php\/actualidad\/la-legislatura-se-ilumina-para-concientizar-sobre-las-enfermedades-poco-frecuentes\/","title":{"rendered":"La Legislatura se ilumina para concientizar sobre las Enfermedades Poco Frecuentes"},"content":{"rendered":"\n<p>El viernes 27 de febrero, la fachada de la Legislatura provincial se iluminar\u00e1 en el marco del D\u00eda Mundial de las Enfermedades Poco Frecuentes (EPF), con el objetivo de visibilizar esta problem\u00e1tica de salud y reafirmar el compromiso institucional con las personas afectadas y sus familias.<\/p>\n\n\n\n<p>Desde 2008, el \u00faltimo d\u00eda del mes de febrero fue instituido como el D\u00eda Mundial de las Enfermedades Poco Frecuentes, una fecha destinada a promover la concientizaci\u00f3n, sensibilizar a la comunidad y fomentar el desarrollo de legislaciones y pol\u00edticas p\u00fablicas que garanticen el acceso a la salud integral y el pleno ejercicio de derechos. La elecci\u00f3n de esta jornada responde a su car\u00e1cter simb\u00f3lico: en los a\u00f1os bisiestos, el 29 de febrero es el d\u00eda menos frecuente del calendario, en alusi\u00f3n a la baja prevalencia de estas patolog\u00edas.<\/p>\n\n\n\n<p>Se consideran Enfermedades Poco Frecuentes a aquellas cuya prevalencia es igual o inferior a una en dos mil personas, de acuerdo con la situaci\u00f3n epidemiol\u00f3gica nacional. Seg\u00fan datos de la Organizaci\u00f3n Mundial de la Salud, existen m\u00e1s de 8.000 EPF en el mundo; el 72% son de origen gen\u00e9tico y el 70% se manifiestan en la infancia. Asimismo, se estima que seis de cada cien personas nacen con alguna de estas condiciones.<\/p>\n\n\n\n<p>En la Rep\u00fablica Argentina, se calcula que alrededor de tres millones de personas conviven con una Enfermedad Poco Frecuente, lo que pone de relieve la necesidad de fortalecer pol\u00edticas p\u00fablicas orientadas a la detecci\u00f3n temprana, el diagn\u00f3stico oportuno y el acceso a tratamientos adecuados.<\/p>\n\n\n\n<p>La provincia de Corrientes se encuentra adherida desde 2012 a la Ley Nacional N.\u00ba 26.689, de Promoci\u00f3n del Cuidado Integral de la Salud de las Personas con Enfermedades Poco Frecuentes, normativa que tiene como finalidad promover el cuidado integral de la salud y mejorar la calidad de vida de las personas con EPF y sus familias.<\/p>\n\n\n\n<p>Con esta acci\u00f3n simb\u00f3lica, la Legislatura reafirma su compromiso con la construcci\u00f3n de una sociedad m\u00e1s inclusiva, solidaria y consciente de las realidades que atraviesan quienes conviven con enfermedades poco frecuentes.<\/p>\n\n\n\n<figure class=\"wp-block-image size-large\"><img loading=\"lazy\" decoding=\"async\" width=\"1024\" height=\"679\" src=\"https:\/\/corrientesdetarde.com\/wp-content\/uploads\/2026\/02\/image-552-1024x679.png\" alt=\"\" class=\"wp-image-247630\" srcset=\"https:\/\/corrientesdetarde.com\/wp-content\/uploads\/2026\/02\/image-552-1024x679.png 1024w, https:\/\/corrientesdetarde.com\/wp-content\/uploads\/2026\/02\/image-552-300x199.png 300w, https:\/\/corrientesdetarde.com\/wp-content\/uploads\/2026\/02\/image-552-768x509.png 768w, https:\/\/corrientesdetarde.com\/wp-content\/uploads\/2026\/02\/image-552.png 1140w\" sizes=\"auto, (max-width: 1024px) 100vw, 1024px\" \/><\/figure>\n","protected":false},"excerpt":{"rendered":"<p>El viernes 27 de febrero, la fachada de la Legislatura provincial se iluminar\u00e1 en el marco del D\u00eda Mundial de las Enfermedades Poco Frecuentes (EPF), con el objetivo de visibilizar&hellip; <\/p>\n","protected":false},"author":4,"featured_media":247629,"comment_status":"closed","ping_status":"open","sticky":false,"template":"","format":"standard","meta":{"footnotes":""},"categories":[23],"tags":[],"class_list":["post-247622","post","type-post","status-publish","format-standard","has-post-thumbnail","hentry","category-actualidad"],"_links":{"self":[{"href":"https:\/\/corrientesdetarde.com\/index.php\/wp-json\/wp\/v2\/posts\/247622","targetHints":{"allow":["GET"]}}],"collection":[{"href":"https:\/\/corrientesdetarde.com\/index.php\/wp-json\/wp\/v2\/posts"}],"about":[{"href":"https:\/\/corrientesdetarde.com\/index.php\/wp-json\/wp\/v2\/types\/post"}],"author":[{"embeddable":true,"href":"https:\/\/corrientesdetarde.com\/index.php\/wp-json\/wp\/v2\/users\/4"}],"replies":[{"embeddable":true,"href":"https:\/\/corrientesdetarde.com\/index.php\/wp-json\/wp\/v2\/comments?post=247622"}],"version-history":[{"count":1,"href":"https:\/\/corrientesdetarde.com\/index.php\/wp-json\/wp\/v2\/posts\/247622\/revisions"}],"predecessor-version":[{"id":247631,"href":"https:\/\/corrientesdetarde.com\/index.php\/wp-json\/wp\/v2\/posts\/247622\/revisions\/247631"}],"wp:featuredmedia":[{"embeddable":true,"href":"https:\/\/corrientesdetarde.com\/index.php\/wp-json\/wp\/v2\/media\/247629"}],"wp:attachment":[{"href":"https:\/\/corrientesdetarde.com\/index.php\/wp-json\/wp\/v2\/media?parent=247622"}],"wp:term":[{"taxonomy":"category","embeddable":true,"href":"https:\/\/corrientesdetarde.com\/index.php\/wp-json\/wp\/v2\/categories?post=247622"},{"taxonomy":"post_tag","embeddable":true,"href":"https:\/\/corrientesdetarde.com\/index.php\/wp-json\/wp\/v2\/tags?post=247622"}],"curies":[{"name":"wp","href":"https:\/\/api.w.org\/{rel}","templated":true}]}}