{"id":248137,"date":"2026-03-04T13:49:11","date_gmt":"2026-03-04T16:49:11","guid":{"rendered":"https:\/\/corrientesdetarde.com\/?p=248137"},"modified":"2026-03-04T13:49:16","modified_gmt":"2026-03-04T16:49:16","slug":"en-su-presentacion-como-dt-de-river-coudet-aseguro-el-adn-de-mis-equipos-va-de-la-mano-con-este-club","status":"publish","type":"post","link":"https:\/\/corrientesdetarde.com\/index.php\/deportes\/en-su-presentacion-como-dt-de-river-coudet-aseguro-el-adn-de-mis-equipos-va-de-la-mano-con-este-club\/","title":{"rendered":"En su presentaci\u00f3n como DT de River, Coudet asegur\u00f3: \u201cEl ADN de mis equipos va de la mano con este club\u201d"},"content":{"rendered":"\n<p>El DT de 51 a\u00f1os firmar\u00e1 su contrato con el Millonario y se convertir\u00e1 de manera oficial en el reemplazante del Mu\u00f1eco.<\/p>\n\n\n\n<p><strong>Eduardo \u201cChacho\u201d Coudet<\/strong>\u00a0fue presentado como\u00a0<strong>nuevo entrenador de River<\/strong>, en una conferencia de prensa de la que participaronStefano Di Carlo y Enzo Francescoli. El DT indic\u00f3 que habl\u00f3 con Marcelo Gallardo, que entiende que se puede salir de este mal momento y\u00a0<strong>se\u00f1al\u00f3 que ser\u00e1 muy exigente: \u201cNo vine a un cumplea\u00f1os\u201d.<\/strong><\/p>\n\n\n\n<figure class=\"wp-block-image\"><img decoding=\"async\" src=\"https:\/\/tn.com.ar\/resizer\/v2\/coudet-fue-presentado-como-nuevo-dt-de-river-captura-you-tube-river-plate-KIBES7HB3VACNAP5NI7Q5WZJEA.jpg?auth=efb1af758c3fc63e22e019766e874ca797c7303078fa10d8a151d8f7bc2d10e9&amp;width=767\" alt=\"Coudet fue presentado como nuevo DT de River (Captura: You Tube River Plate).\"\/><\/figure>\n\n\n\n<h2 class=\"wp-block-heading\"><strong>Las mejores frases del Chacho Coudet en su presentaci\u00f3n como DT de River<\/strong><\/h2>\n\n\n\n<ul class=\"wp-block-list\">\n<li>El crecimiento del club es un avance tremendo y sigue construyendo un camino todav\u00eda mejor, sobre todo en la parte de infraestructura.<\/li>\n\n\n\n<li>Me gusta el f\u00fatbol argentino, no dejo de ver ning\u00fan partido, aunque me tenga que acostar tarde. Eso te hace sentir m\u00e1s cerca.<\/li>\n\n\n\n<li>Tengo mucha ilusi\u00f3n y s\u00e9 el lugar en donde estoy y la responsabilidad que eso significa. Me gusta el l\u00edo.<\/li>\n\n\n\n<li>Vamos a tratar de tener un equipo que sea protagonista, con pibes del club, como lo hago siempre.<\/li>\n\n\n\n<li>Se que no es una situaci\u00f3n f\u00e1cil despu\u00e9s de la salida del DT m\u00e1s importante en la historia del club. Tenemos que contruir, pensar postivamente y empezar a trabajar. Estoy convencido de que hay un muy buen plantel y tengo total confianza.<\/li>\n\n\n\n<li>Lo primero que hice fue comunicarme con Marcelo (Gallardo) y le agradezco por sus palabras.<\/li>\n\n\n\n<li>Necesitamos recuperar el nivel y necesitamos el apoyo del hincha. Este club exige mucho y se la responsabilidad que tengo.<\/li>\n\n\n\n<li>Tengo caracter y no soy tan simp\u00e1tico todo el tiempo. No vine a un cumplea\u00f1os.<\/li>\n\n\n\n<li>Hay que descontracturar un poco porque creo que conozco este club y desde la tensi\u00f3n es muy dif\u00edcil. Esto es un monstruo. Si no vamos de la mano y reseteamos, se va a poner cuesta arriba\u201d.<\/li>\n\n\n\n<li>Nadie esperaba lo de Marcelo (Gallardo). No es algo que me ponga feliz, ni mucho menos, pero eso hizo que me cruce en el camino de River. Estoy con mucha ilusi\u00f3n.<\/li>\n\n\n\n<li>Creo en una recuperaci\u00f3n con inmediatez<\/li>\n\n\n\n<li>Para mi juega el que mejor est\u00e1. No miro nacionalidades, ni documentos, ni nada. Los esquemas pueden variar de acuerdo al partido.<\/li>\n\n\n\n<li>Siempre trabaj\u00e9 con j\u00f3venes e intentado potenciarlos. Mi obsesi\u00f3n es tratar de hacerlos mejor.<\/li>\n\n\n\n<li>Todos los DT tienen que adptarse a las caracteristicas de los jugadores y hay que convencer. La forma y las ideas son las mismas: queremos ser un equipo protagonista<\/li>\n\n\n\n<li>Me gustan los equipos f\u00edsicos y agresivos<\/li>\n<\/ul>\n\n\n\n<figure class=\"wp-block-image\"><img decoding=\"async\" src=\"https:\/\/tn.com.ar\/resizer\/v2\/chacho-coudet-fue-presentado-como-nuevo-dt-de-river-fotobaires-3DH6KURSXZDOHJCUW5HYIH2IME.jpg?auth=7dbbb9e13a4c43bae5aa9b49eb22283f48d9d7b06a639756ea2828fa5a653e2a&amp;width=767\" alt=\"Chacho Coudet fue presentado como nuevo DT de River. (Fotobaires)\"\/><\/figure>\n\n\n\n<h2 class=\"wp-block-heading\"><strong>Chacho Coudet firma su contrato y dirige al equipor por la tarde<\/strong><\/h2>\n\n\n\n<p>Tras su\u00a0salida del Alav\u00e9s\u00a0y su llegada a la Argentina, el DT de 51 a\u00f1os firmar\u00e1 su contrato hasta diciembre de 2027 con el conjunto de N\u00fa\u00f1ez y se convertir\u00e1 de manera oficial en el\u00a0<strong>reemplazante de Marcelo Gallardo<\/strong>, que dej\u00f3 el cargo de entrenador tras una serie de malos resultados.<\/p>\n\n\n\n<p>Se espera que por la tarde, desde las 16.30, el flamante entrenador del Millonario<strong>\u00a0se ponga al frente de su primer entrenamiento<\/strong>. Postergada la fecha 9 del Torneo Apertura por el\u00a0paro del f\u00fatbol argentino,\u00a0<strong>su debut ser\u00eda el jueves 12 de marzo de visitante ante Hurac\u00e1n.<\/strong><\/p>\n\n\n\n<figure class=\"wp-block-image\"><img decoding=\"async\" src=\"https:\/\/tn.com.ar\/resizer\/v2\/eduardo-coudet-cuando-visito-el-monumental-como-dt-del-inter-de-porto-alegre-foto-fotobaires-2K7IKYHKM5GXDPMN3LCBUCN5UA.JPG?auth=23b3b70e73451bca44338f754ede2c8d0a33b5b88866d2a8d72940d230584759&amp;width=767\" alt=\"Eduardo Coudet, cuando visit\u00f3 el Monumental como DT del Inter de Porto Alegre (Foto: Fotobaires)\"\/><\/figure>\n\n\n\n<p>\u201cChacho es un met\u00f3dico, un trabajador y un obsesivo en lo que hace. La exigencia de River no permite que alguien flote\u201d, dijo el presidente del club,&nbsp;<strong>Stefano Di Carlo<\/strong>, al explicar los motivos por los que eligieron a Coudet como nuevo director t\u00e9cnico.<\/p>\n\n\n\n<p>El m\u00e1ximo dirigente del Millonario, adem\u00e1s, calific\u00f3 al \u201cChacho\u201d como \u201cun hombre de la casa\u201d.&nbsp;<strong>\u201cEstamos absolutamente decididos en esta nueva etapa\u201d<\/strong>, recalc\u00f3 en di\u00e1logo con&nbsp;<em>ESPN<\/em>.<\/p>\n\n\n\n<p>Coudet, que fue<strong>&nbsp;jugador de River entre 2000 y 2004<\/strong>&nbsp;en un ciclo brevemente interrumpido por un paso por el Celta de Vigo en 2002, volver\u00e1 a dirigir en el f\u00fatbol argentino: su \u00faltima experiencia fue en&nbsp;<strong>Racing&nbsp;<\/strong>entre 2017 y 2020.<\/p>\n\n\n\n<figure class=\"wp-block-image\"><img decoding=\"async\" src=\"https:\/\/tn.com.ar\/resizer\/v2\/eduardo-coudet-fue-jugador-de-river-entre-2000-y-2004-foto-na-6PQTOKEFMBEPJJV6XZILAOVVOE.jfif?auth=d79c486e2b28b93f2b5d70cbc07e51e9d11689b838569fc46505441163d8faec&amp;width=767\" alt=\"Eduardo Coudet fue jugador de River entre 2000 y 2004 (Foto: NA)\"\/><\/figure>\n\n\n\n<p>El Chacho empez\u00f3 su carrera de DT en&nbsp;<strong>Rosario Central&nbsp;<\/strong>en 2015 y dos a\u00f1os despu\u00e9s dio el salto al&nbsp;<strong>Tijuana de M\u00e9xico.<\/strong>&nbsp;En 2017 volvi\u00f3 al pa\u00eds y se puso al frente de la Academia, club con el que gan\u00f3 la Superliga 2018-2019 y el Trofeo de Campeones 2019.<\/p>\n\n\n\n<p>Luego seguir\u00eda su camino en el exterior con dos ciclos en<strong>&nbsp;Inter de Porto Alegre<\/strong>&nbsp;(2020 y 2023-2024), sumados a sus pasos por<strong>&nbsp;Celta de Vigo&nbsp;<\/strong>(2020-2023),&nbsp;<strong>Atl\u00e9tico Mineiro<\/strong>&nbsp;(2023, campe\u00f3n del Mineirao ese a\u00f1o) y&nbsp;<strong>Alav\u00e9s<\/strong>&nbsp;(2024-2026).<\/p>\n\n\n\n<p>Para lograr la salida de Coudet del Alav\u00e9s,<strong>&nbsp;River tuvo que pagar un resarcimiento cercano al mill\u00f3n de euros<\/strong>. El Chacho ten\u00eda contrato hasta junio de 2026 sin cl\u00e1usula de rescisi\u00f3n, por lo que hubo que establecer una negociaci\u00f3n que finalmente lleg\u00f3 a buen puerto.<\/p>\n\n\n\n<figure class=\"wp-block-image\"><img decoding=\"async\" src=\"https:\/\/tn.com.ar\/resizer\/v2\/el-chacho-viene-de-dirigir-en-el-alaves-foto-efe-4EMRA3TYDFFHNKLTW4JCVEIPWM.jpg?auth=f744a27ec481bfb4f83e27363745c4a2fd8edf7e9a89587091f77d8d775151b3&amp;width=767\" alt=\"El Chacho viene de dirigir en el Alav\u00e9s (Foto: EFE)\"\/><\/figure>\n\n\n\n<p>En el Millonario,&nbsp;<strong>el flamante DT tendr\u00e1 m\u00faltiples desaf\u00edos<\/strong>: en primer lugar, potenciar al equipo tanto a nivel individual como colectivo. En el Torneo Apertura, River marcha en el sexto puesto de la Zona B, mientras que en la Copa Argentina logr\u00f3 el pase a los 16avos de final tras vencer a Ciudad de Bol\u00edvar de manera ajustada en el debut.&nbsp;<strong>El gran objetivo a nivel internacional ser\u00e1 la Copa Sudamericana<\/strong>, cuya fase de grupos empezar\u00e1 a disputarse en abril<\/p>\n","protected":false},"excerpt":{"rendered":"<p>El DT de 51 a\u00f1os firmar\u00e1 su contrato con el Millonario y se convertir\u00e1 de manera oficial en el reemplazante del Mu\u00f1eco. Eduardo \u201cChacho\u201d Coudet\u00a0fue presentado como\u00a0nuevo entrenador de River,&hellip; <\/p>\n","protected":false},"author":8,"featured_media":248138,"comment_status":"closed","ping_status":"open","sticky":false,"template":"","format":"standard","meta":{"footnotes":""},"categories":[4],"tags":[],"class_list":["post-248137","post","type-post","status-publish","format-standard","has-post-thumbnail","hentry","category-deportes"],"_links":{"self":[{"href":"https:\/\/corrientesdetarde.com\/index.php\/wp-json\/wp\/v2\/posts\/248137","targetHints":{"allow":["GET"]}}],"collection":[{"href":"https:\/\/corrientesdetarde.com\/index.php\/wp-json\/wp\/v2\/posts"}],"about":[{"href":"https:\/\/corrientesdetarde.com\/index.php\/wp-json\/wp\/v2\/types\/post"}],"author":[{"embeddable":true,"href":"https:\/\/corrientesdetarde.com\/index.php\/wp-json\/wp\/v2\/users\/8"}],"replies":[{"embeddable":true,"href":"https:\/\/corrientesdetarde.com\/index.php\/wp-json\/wp\/v2\/comments?post=248137"}],"version-history":[{"count":1,"href":"https:\/\/corrientesdetarde.com\/index.php\/wp-json\/wp\/v2\/posts\/248137\/revisions"}],"predecessor-version":[{"id":248140,"href":"https:\/\/corrientesdetarde.com\/index.php\/wp-json\/wp\/v2\/posts\/248137\/revisions\/248140"}],"wp:featuredmedia":[{"embeddable":true,"href":"https:\/\/corrientesdetarde.com\/index.php\/wp-json\/wp\/v2\/media\/248138"}],"wp:attachment":[{"href":"https:\/\/corrientesdetarde.com\/index.php\/wp-json\/wp\/v2\/media?parent=248137"}],"wp:term":[{"taxonomy":"category","embeddable":true,"href":"https:\/\/corrientesdetarde.com\/index.php\/wp-json\/wp\/v2\/categories?post=248137"},{"taxonomy":"post_tag","embeddable":true,"href":"https:\/\/corrientesdetarde.com\/index.php\/wp-json\/wp\/v2\/tags?post=248137"}],"curies":[{"name":"wp","href":"https:\/\/api.w.org\/{rel}","templated":true}]}}