{"id":248282,"date":"2026-03-05T16:38:54","date_gmt":"2026-03-05T19:38:54","guid":{"rendered":"https:\/\/corrientesdetarde.com\/?p=248282"},"modified":"2026-03-05T16:39:07","modified_gmt":"2026-03-05T19:39:07","slug":"trump-destituyo-a-la-secretaria-de-seguridad-nacional-de-ee-uu-encargada-de-las-redadas-antiinmigratorias","status":"publish","type":"post","link":"https:\/\/corrientesdetarde.com\/index.php\/internacionales\/trump-destituyo-a-la-secretaria-de-seguridad-nacional-de-ee-uu-encargada-de-las-redadas-antiinmigratorias\/","title":{"rendered":"Trump destituy\u00f3 a la secretaria de Seguridad Nacional de EE.UU., encargada de las redadas antiinmigratorias"},"content":{"rendered":"\n<p>Kristi Noem lideraba la cuestionada ofensiva contra los migrantes sin documentos.<\/p>\n\n\n\n<p>El presidente estadounidense,\u00a0<strong>Donald Trump<\/strong>, anunci\u00f3 este jueves que destituy\u00f3 a la secretaria de Seguridad Nacional\u00a0<strong>Kristi Noem.<\/strong><\/p>\n\n\n\n<p>Noem ten\u00eda a su cargo la pol\u00e9mica pol\u00edtica migratoria a trav\u00e9s de las redadas anti-inmigraci\u00f3n en todo el pa\u00eds.<\/p>\n\n\n\n<p>Trump anunci\u00f3 que la pol\u00e9mica funcionaria dejar\u00e1 el cargo a partir del 31 de marzo. La sustituir\u00e1 el senador de Oklahoma&nbsp;<strong>Markwayne Mullin<\/strong>, mientras la agencia permanece cerrada por falta de fondos.<\/p>\n\n\n\n<p>El mandatario republicano hizo el anuncio en redes sociales, dos d\u00edas despu\u00e9s que Noem enfrentara un duro interrogatorio en el Capitolio por parte de miembros del Partido Republicano, as\u00ed como de legisladores dem\u00f3cratas.<\/p>\n\n\n\n<h2 class=\"wp-block-heading\">El futuro de Kristi Noem<\/h2>\n\n\n\n<p>Trump anunci\u00f3 adem\u00e1s que designar\u00e1 a Noem como \u201cEnviada Especial para el Escudo de las Americas\u201d, una nueva iniciativa de seguridad que, afirm\u00f3, se centrar\u00e1 en el hemisferio occidental.<\/p>\n\n\n\n<p>Noem es la primera secretaria del gabinete en dejar el cargo durante el segundo mandato de Trump. Su salida pone fin a&nbsp;<strong>un periodo turbulento al frente de t\u00e1cticas de control migratorio<\/strong>&nbsp;que fueron recibidas con protestas y demandas, con manifestantes y disturbios en grandes ciudades como Los Angeles.<\/p>\n\n\n\n<figure class=\"wp-block-image\"><img decoding=\"async\" src=\"https:\/\/tn.com.ar\/resizer\/v2\/donald-trump-destituyo-a-kristi-noem-foto-reuterskylie-cooper-6KLIRHCT2CECSUBTVQGOTXJG2I.jpg?auth=30788326e5b7b0faada7ce48907b5f942eda83314277a0bad1231451ddd2c324&amp;width=767\" alt=\"Donald Trump destituy\u00f3 a Kristi Noem (Foto: REUTERS\/Kylie Cooper)\"\/><\/figure>\n\n\n\n<p>El a\u00f1o pasado, Estados Unidos afirma haber&nbsp;<strong>deportado a unos 600.000 inmigrantes sin papeles<\/strong>. Sin embargo, durante la gesti\u00f3n de Noem se sucedieron las denuncias de arrestos y expulsiones de migrantes con documentaci\u00f3n provisoria.<\/p>\n\n\n\n<p>Seg\u00fan afirmaron, eran esperados en los juzgados migratorios por agentes especiales para ser detenidos, procesados y expulsados. Esta pol\u00edtica de persecuci\u00f3n contra las comunidades migrantes, en especial la latina, desat\u00f3 una ola de p\u00e1nico entre los extranjeros.<\/p>\n\n\n\n<p>Las fuerzas del Servicio de Control de Inmigraci\u00f3n y Aduanas (ICE) patrullaron comunidades hispanas, realizaron allanamientos en lugares de trabajo, en iglesias y hasta en las puertas de escuelas, lo que provoc\u00f3 airadas protestas de la comunidad latina.<\/p>\n\n\n\n<p>Adem\u00e1s, la figura de Noem qued\u00f3 en medio de una fuerte controversia tras los tiroteos fatales con agentes del ICE en el que murieron dos ciudadanos estadounidenses.<\/p>\n\n\n\n<p>Seg\u00fan la prensa local, Trump habr\u00eda tomado su decisi\u00f3n tras las audiencias de Noem en el Congreso, durante las cuales se vio en aprietos por la adjudicaci\u00f3n de un importante contrato p\u00fablico. Entonces fue duramente cuestionada por senadores dem\u00f3cratas y tambi\u00e9n por el republicano Thom Tillis, que pidi\u00f3 su dimisi\u00f3n y record\u00f3 el pol\u00e9mico episodio de su libro en el que Noem relataba c\u00f3mo hab\u00eda matado a su perra y a una cabra.<\/p>\n\n\n\n<p>El departamento de Seguridad Nacional se encuentra parcialmente cerrado por falta de fondos desde el 14 de febrero a la espera de que dem\u00f3cratas y republicanos acuerden cambios en los procesos operativos de las redadas migratorias que desatasquen la aprobaci\u00f3n de la partida presupuestaria.<\/p>\n\n\n\n<p>Al margen de las controvertidas redadas, la presi\u00f3n sobre Noem fue aumentando en los \u00faltimos d\u00edas frente a una pol\u00e9mica y agresiva campa\u00f1a para publicitar la labor de su departamento adjudicada el a\u00f1o pasado. Se conoci\u00f3 que su cartera abander\u00f3 una \u201cemergencia\u201d fronteriza para justificar la concesi\u00f3n, sin licitaci\u00f3n previa, de la campa\u00f1a, valorada en unos 220 millones de d\u00f3lares, a una entidad controlada por el marido de la exportavoz del propio de la secretar\u00eda de Seguridad, Tricia McLaughlin.<\/p>\n\n\n\n<h2 class=\"wp-block-heading\">Qu\u00e9 dijo Donald Trump<\/h2>\n\n\n\n<p>En un extenso mensaje en su red Truth Social, Trump afirm\u00f3: \u201cMe complace anunciar que el muy respetado senador estadounidense del gran estado de Oklahoma, Markwayne Mullin, asumir\u00e1 el cargo de Secretario de Seguridad Nacional (DHS) de Estados Unidos a partir del 31 de marzo de 2026\u2033.<\/p>\n\n\n\n<p>\u201cLa actual secretaria, Kristi Noem, quien nos ha servido eficazmente y ha obtenido numerosos y espectaculares resultados (\u00a1especialmente en la frontera!), pasar\u00e1 a ser Enviada Especial para el Escudo de las Am\u00e9ricas, nuestra nueva Iniciativa de Seguridad en el Hemisferio Occidental que anunciaremos el s\u00e1bado en Doral, Florida&#8221;, indic\u00f3.<\/p>\n\n\n\n<p>Adem\u00e1s, se\u00f1al\u00f3: \u201cAgradezco a Kristi su servicio. Tras 10 a\u00f1os en la C\u00e1mara de Representantes de Estados Unidos y 3 en el Senado, Markwayne ha realizado una labor excepcional representando al maravilloso pueblo de Oklahoma, donde gan\u00e9 en 77 de los 77 condados en 2016, 2020 y 2024\u2033.<\/p>\n\n\n\n<p>\u201cUn guerrero MAGA y ex luchador profesional invicto de MMA (Artes Marciales Kixtas), Markwayne se lleva muy bien con la gente y posee la sabidur\u00eda y el coraje necesarios para impulsar nuestra agenda de \u201cAm\u00e9rica Primero\u201d. Como el \u00fanico nativo americano en el Senado, Markwayne es un defensor excepcional de nuestras incre\u00edbles comunidades tribales&#8221;, prosigui\u00f3.<\/p>\n\n\n\n<p>En el final de su posteo, dijo: \u201cMarkwayne trabajar\u00e1 incansablemente para mantener nuestra frontera segura, detener la delincuencia migratoria, los asesinos y otros delincuentes que ingresan ilegalmente a nuestro pa\u00eds, acabar con el flagelo de las drogas ilegales y hacer que Estados Unidos vuelva a ser seguro. Markwayne ser\u00e1 un excelente Secretario de Seguridad Nacional. \u00a1Gracias por su atenci\u00f3n!\u201c.<\/p>\n\n\n\n<p><\/p>\n","protected":false},"excerpt":{"rendered":"<p>Kristi Noem lideraba la cuestionada ofensiva contra los migrantes sin documentos. El presidente estadounidense,\u00a0Donald Trump, anunci\u00f3 este jueves que destituy\u00f3 a la secretaria de Seguridad Nacional\u00a0Kristi Noem. Noem ten\u00eda a&hellip; <\/p>\n","protected":false},"author":8,"featured_media":248283,"comment_status":"closed","ping_status":"open","sticky":false,"template":"","format":"standard","meta":{"footnotes":""},"categories":[11],"tags":[],"class_list":["post-248282","post","type-post","status-publish","format-standard","has-post-thumbnail","hentry","category-internacionales"],"_links":{"self":[{"href":"https:\/\/corrientesdetarde.com\/index.php\/wp-json\/wp\/v2\/posts\/248282","targetHints":{"allow":["GET"]}}],"collection":[{"href":"https:\/\/corrientesdetarde.com\/index.php\/wp-json\/wp\/v2\/posts"}],"about":[{"href":"https:\/\/corrientesdetarde.com\/index.php\/wp-json\/wp\/v2\/types\/post"}],"author":[{"embeddable":true,"href":"https:\/\/corrientesdetarde.com\/index.php\/wp-json\/wp\/v2\/users\/8"}],"replies":[{"embeddable":true,"href":"https:\/\/corrientesdetarde.com\/index.php\/wp-json\/wp\/v2\/comments?post=248282"}],"version-history":[{"count":1,"href":"https:\/\/corrientesdetarde.com\/index.php\/wp-json\/wp\/v2\/posts\/248282\/revisions"}],"predecessor-version":[{"id":248284,"href":"https:\/\/corrientesdetarde.com\/index.php\/wp-json\/wp\/v2\/posts\/248282\/revisions\/248284"}],"wp:featuredmedia":[{"embeddable":true,"href":"https:\/\/corrientesdetarde.com\/index.php\/wp-json\/wp\/v2\/media\/248283"}],"wp:attachment":[{"href":"https:\/\/corrientesdetarde.com\/index.php\/wp-json\/wp\/v2\/media?parent=248282"}],"wp:term":[{"taxonomy":"category","embeddable":true,"href":"https:\/\/corrientesdetarde.com\/index.php\/wp-json\/wp\/v2\/categories?post=248282"},{"taxonomy":"post_tag","embeddable":true,"href":"https:\/\/corrientesdetarde.com\/index.php\/wp-json\/wp\/v2\/tags?post=248282"}],"curies":[{"name":"wp","href":"https:\/\/api.w.org\/{rel}","templated":true}]}}