{"id":248368,"date":"2026-03-06T10:01:03","date_gmt":"2026-03-06T13:01:03","guid":{"rendered":"https:\/\/corrientesdetarde.com\/?p=248368"},"modified":"2026-03-06T10:01:05","modified_gmt":"2026-03-06T13:01:05","slug":"paso-de-la-patria-llevo-su-agenda-turistica-a-nacion-y-promociono-el-torneo-apertura-de-pesca","status":"publish","type":"post","link":"https:\/\/corrientesdetarde.com\/index.php\/turismo\/paso-de-la-patria-llevo-su-agenda-turistica-a-nacion-y-promociono-el-torneo-apertura-de-pesca\/","title":{"rendered":"Paso de la Patria llev\u00f3 su agenda tur\u00edstica a Naci\u00f3n y promocion\u00f3 el Torneo Apertura de Pesca"},"content":{"rendered":"\n<p>Autoridades y referentes del sector mantuvieron un encuentro con el secretario de Turismo y Ambiente de la Naci\u00f3n, Daniel Scioli, en el que avanzaron en acciones de promoci\u00f3n del destino y proyectos para impulsar inversiones y desarrollo tecnol\u00f3gico.<\/p>\n\n\n\n<p>Una comitiva de Paso de la Patria mantuvo una reuni\u00f3n en la Secretar\u00eda de Turismo y Ambiente de la Naci\u00f3n con el secretario Daniel Scioli, quien estuvo acompa\u00f1ado por el director nacional de Desarrollo y Promoci\u00f3n, Pablo Cagnoni, y el asesor de la Secretar\u00eda, Gustavo Havi.<\/p>\n\n\n\n<p><br>Durante el encuentro, la delegaci\u00f3n correntina estuvo integrada por el intendente de Paso de la Patria, Oscar &#8220;Chino&#8221; Garc\u00eda; la presidenta de CAPRESSTUR, Viviana Glibota; adem\u00e1s de Miguel Lanzoni, Miriam Lanzoni y el presidente del Instituto de Turismo de Corrientes, Alfredo Blanco.<\/p>\n\n\n\n<p><br>Seg\u00fan se inform\u00f3, la reuni\u00f3n fue altamente positiva y permiti\u00f3 extender la invitaci\u00f3n formal al tradicional Torneo Apertura de Pesca, uno de los eventos tur\u00edsticos m\u00e1s importantes de la localidad. En ese marco, tambi\u00e9n se analizaron estrategias de promoci\u00f3n del evento y del destino desde el \u00e1mbito nacional.<\/p>\n\n\n\n<p><br>Adem\u00e1s, durante la jornada se plante\u00f3 la posibilidad de generar mesas de trabajo con distintas \u00e1reas del Gobierno nacional con el objetivo de avanzar en la captaci\u00f3n de inversiones, el desarrollo tur\u00edstico y la incorporaci\u00f3n de procesos de innovaci\u00f3n tecnol\u00f3gica.<\/p>\n\n\n\n<figure class=\"wp-block-image\"><img decoding=\"async\" src=\"https:\/\/www.diarioepoca.com\/content\/bucket\/2\/1477472w790h790c.jpg.webp\" alt=\"\"\/><\/figure>\n\n\n\n<p><br>Estas iniciativas buscan posicionar a Paso de la Patria como un destino tur\u00edstico inteligente, fortaleciendo su oferta y potenciando su crecimiento dentro del mapa tur\u00edstico argentino.<\/p>\n\n\n\n<p><br>Desde la comitiva destacaron que continuar\u00e1n las gestiones para generar oportunidades que impulsen el desarrollo tur\u00edstico y econ\u00f3mico de la localidad.<\/p>\n","protected":false},"excerpt":{"rendered":"<p>Autoridades y referentes del sector mantuvieron un encuentro con el secretario de Turismo y Ambiente de la Naci\u00f3n, Daniel Scioli, en el que avanzaron en acciones de promoci\u00f3n del destino&hellip; <\/p>\n","protected":false},"author":3,"featured_media":248378,"comment_status":"closed","ping_status":"open","sticky":false,"template":"","format":"standard","meta":{"footnotes":""},"categories":[31],"tags":[],"class_list":["post-248368","post","type-post","status-publish","format-standard","has-post-thumbnail","hentry","category-turismo"],"_links":{"self":[{"href":"https:\/\/corrientesdetarde.com\/index.php\/wp-json\/wp\/v2\/posts\/248368","targetHints":{"allow":["GET"]}}],"collection":[{"href":"https:\/\/corrientesdetarde.com\/index.php\/wp-json\/wp\/v2\/posts"}],"about":[{"href":"https:\/\/corrientesdetarde.com\/index.php\/wp-json\/wp\/v2\/types\/post"}],"author":[{"embeddable":true,"href":"https:\/\/corrientesdetarde.com\/index.php\/wp-json\/wp\/v2\/users\/3"}],"replies":[{"embeddable":true,"href":"https:\/\/corrientesdetarde.com\/index.php\/wp-json\/wp\/v2\/comments?post=248368"}],"version-history":[{"count":1,"href":"https:\/\/corrientesdetarde.com\/index.php\/wp-json\/wp\/v2\/posts\/248368\/revisions"}],"predecessor-version":[{"id":248410,"href":"https:\/\/corrientesdetarde.com\/index.php\/wp-json\/wp\/v2\/posts\/248368\/revisions\/248410"}],"wp:featuredmedia":[{"embeddable":true,"href":"https:\/\/corrientesdetarde.com\/index.php\/wp-json\/wp\/v2\/media\/248378"}],"wp:attachment":[{"href":"https:\/\/corrientesdetarde.com\/index.php\/wp-json\/wp\/v2\/media?parent=248368"}],"wp:term":[{"taxonomy":"category","embeddable":true,"href":"https:\/\/corrientesdetarde.com\/index.php\/wp-json\/wp\/v2\/categories?post=248368"},{"taxonomy":"post_tag","embeddable":true,"href":"https:\/\/corrientesdetarde.com\/index.php\/wp-json\/wp\/v2\/tags?post=248368"}],"curies":[{"name":"wp","href":"https:\/\/api.w.org\/{rel}","templated":true}]}}