{"id":248371,"date":"2026-03-06T10:01:01","date_gmt":"2026-03-06T13:01:01","guid":{"rendered":"https:\/\/corrientesdetarde.com\/?p=248371"},"modified":"2026-03-06T10:01:03","modified_gmt":"2026-03-06T13:01:03","slug":"volvio-a-funcionar-el-transporte-urbano-gratuito-para-estudiantes-en-virasoro","status":"publish","type":"post","link":"https:\/\/corrientesdetarde.com\/index.php\/interior\/volvio-a-funcionar-el-transporte-urbano-gratuito-para-estudiantes-en-virasoro\/","title":{"rendered":"Volvi\u00f3 a funcionar el transporte urbano gratuito para estudiantes en Virasoro"},"content":{"rendered":"\n<p>Con el inicio de clases, comenz\u00f3 a funcionar nuevamente el transporte urbano gratuito, con recorridos que arrancan a las 5 am.&nbsp;<\/p>\n\n\n\n<p>El lunes \u00faltimo volvi\u00f3 a funcionar el transporte urbano gratuito. Esa ma\u00f1ana, el recorrido se inici\u00f3 en la terminal de \u00f3mnibus con los alumnos de la EFA Colonia Uni\u00f3n entre otros circuitos.<\/p>\n\n\n\n<p>El martes a la ma\u00f1ana, el recorrido se inici\u00f3 en la terminal de \u00f3mnibus con los alumnos de la EFA Colonia Uni\u00f3n<\/p>\n\n\n\n<p>Personal de corral\u00f3n recuper\u00f3 las unidades y las dej\u00f3 a punto para el inicio del a\u00f1o escolar, entendiendo la importancia de este servicio para la comunidad.<\/p>\n\n\n\n<h3 class=\"wp-block-heading\">Horarios y recorridos<\/h3>\n\n\n\n<p>-San Alonso \/ Caabi Poi (unidad azul) Sale de Virasoro a las 5.00, y mantiene los horarios habituales.<\/p>\n\n\n\n<p>-Virasoro-barrio Vuelta Omb\u00fa (unidad verde) inicia el recorrido a las 6.00, y mantiene el recorrido habitual.<\/p>\n\n\n\n<p>-Colonia Uni\u00f3n (unidades azul y verde) sale de Virasoro a las 8.30.<\/p>\n\n\n\n<p>Y a partir de las 10.30 las l\u00edneas de colores azul, verde y gris contin\u00faan con sus recorridos habituales.<\/p>\n\n\n\n<p>As\u00ed se indic\u00f3 desde la Secretar\u00eda de Gobierno, Planificaci\u00f3n y Participaci\u00f3n Ciudadana Municipal.<\/p>\n","protected":false},"excerpt":{"rendered":"<p>Con el inicio de clases, comenz\u00f3 a funcionar nuevamente el transporte urbano gratuito, con recorridos que arrancan a las 5 am.&nbsp; El lunes \u00faltimo volvi\u00f3 a funcionar el transporte urbano&hellip; <\/p>\n","protected":false},"author":3,"featured_media":248377,"comment_status":"closed","ping_status":"open","sticky":false,"template":"","format":"standard","meta":{"footnotes":""},"categories":[1658],"tags":[],"class_list":["post-248371","post","type-post","status-publish","format-standard","has-post-thumbnail","hentry","category-interior"],"_links":{"self":[{"href":"https:\/\/corrientesdetarde.com\/index.php\/wp-json\/wp\/v2\/posts\/248371","targetHints":{"allow":["GET"]}}],"collection":[{"href":"https:\/\/corrientesdetarde.com\/index.php\/wp-json\/wp\/v2\/posts"}],"about":[{"href":"https:\/\/corrientesdetarde.com\/index.php\/wp-json\/wp\/v2\/types\/post"}],"author":[{"embeddable":true,"href":"https:\/\/corrientesdetarde.com\/index.php\/wp-json\/wp\/v2\/users\/3"}],"replies":[{"embeddable":true,"href":"https:\/\/corrientesdetarde.com\/index.php\/wp-json\/wp\/v2\/comments?post=248371"}],"version-history":[{"count":1,"href":"https:\/\/corrientesdetarde.com\/index.php\/wp-json\/wp\/v2\/posts\/248371\/revisions"}],"predecessor-version":[{"id":248409,"href":"https:\/\/corrientesdetarde.com\/index.php\/wp-json\/wp\/v2\/posts\/248371\/revisions\/248409"}],"wp:featuredmedia":[{"embeddable":true,"href":"https:\/\/corrientesdetarde.com\/index.php\/wp-json\/wp\/v2\/media\/248377"}],"wp:attachment":[{"href":"https:\/\/corrientesdetarde.com\/index.php\/wp-json\/wp\/v2\/media?parent=248371"}],"wp:term":[{"taxonomy":"category","embeddable":true,"href":"https:\/\/corrientesdetarde.com\/index.php\/wp-json\/wp\/v2\/categories?post=248371"},{"taxonomy":"post_tag","embeddable":true,"href":"https:\/\/corrientesdetarde.com\/index.php\/wp-json\/wp\/v2\/tags?post=248371"}],"curies":[{"name":"wp","href":"https:\/\/api.w.org\/{rel}","templated":true}]}}