{"id":248380,"date":"2026-03-06T11:00:29","date_gmt":"2026-03-06T14:00:29","guid":{"rendered":"https:\/\/corrientesdetarde.com\/?p=248380"},"modified":"2026-03-06T15:34:47","modified_gmt":"2026-03-06T18:34:47","slug":"especialista-en-neurociencia-los-adolescentes-no-estan-locos-estan-neurodesarrollandose","status":"publish","type":"post","link":"https:\/\/corrientesdetarde.com\/index.php\/informacion-general\/especialista-en-neurociencia-los-adolescentes-no-estan-locos-estan-neurodesarrollandose\/","title":{"rendered":"Especialista en Neurociencia: &#8220;Los adolescentes no est\u00e1n locos, est\u00e1n neurodesarroll\u00e1ndose&#8221;"},"content":{"rendered":"\n<p>Mar\u00eda Itat\u00ed Ram\u00edrez es correntina y especialista en Neurociencias Aplicada a la Vida Cotidiana. Recientemente present\u00f3 su libro &#8220;Neurociencia para la vida cotidiana&#8221;, un proyecto que busca desmitificar el funcionamiento del cerebro y su influencia en la conducta diaria.<\/p>\n\n\n\n<p>Mar\u00eda Itat\u00ed Ram\u00edrez, Psic\u00f3loga Social (MP 170) dialog\u00f3\u00a0sobre una disciplina fundamental que ayuda a comprender diversas \u00e1reas de la mente y del comportamiento. La profesional fund\u00f3 su consultor\u00eda psicosocial para acompa\u00f1ar proyectos educativos en organizaciones y concibe este trabajo como un &#8220;manual de usuario de la mente&#8221;.\u00a0<\/p>\n\n\n\n<p>Recientemente presento su libro&nbsp;<em>&#8220;Neurociencia aplicada a la vida cotidiana&#8221;<\/em>&nbsp;cuyo objetivo principal es acercar los conocimientos neurocient\u00edficos al p\u00fablico general \u2014padres, docentes, trabajadores y estudiantes\u2014 sin tecnicismos, promoviendo la creaci\u00f3n de nuevos h\u00e1bitos de pensamiento para mejorar las relaciones interpersonales, la comunicaci\u00f3n y la gesti\u00f3n emocional.<\/p>\n\n\n\n<p>&#8220;<em>Neurociencia para la vida cotidiana<\/em>&nbsp;te invita a un recorrido por el cerebro para conocer c\u00f3mo funciona la mente, c\u00f3mo influyen nuestras conductas y c\u00f3mo es la toma de nuestras decisiones. Porque entender c\u00f3mo funciona el cerebro no es un dato curioso. Esto puede ayudarte a vivir mejor, a mejorar tus relaciones interpersonales, a comunicar mejor, a gestionar mejor tus emociones, a cuidar tu salud mental y emocional&#8221;, explic\u00f3 Ram\u00edrez.&nbsp;<\/p>\n\n\n\n<p>La disciplina que estudia las conexiones cerebrales y c\u00f3mo el ambiente las modifica ha ganado relevancia gracias a los avances tecnol\u00f3gicos, como la resonancia magn\u00e9tica funcional, que permiten observar el cerebro en acci\u00f3n. Ram\u00edrez explic\u00f3 que estos descubrimientos ya est\u00e1n transformando la educaci\u00f3n y la salud. &#8220;\u00bfY por qu\u00e9 se habla tanto de neurociencias o empezamos a escuchar m\u00e1s la palabra neurociencia? Es porque ya dej\u00f3 de pertenecer solo al \u00e1mbito cient\u00edfico. En las \u00faltimas d\u00e9cadas, gracias al avance de la tecnolog\u00eda, m\u00e1s precisamente de la resonancia magn\u00e9tica funcional, ya se puede ver el cerebro en acci\u00f3n. Lo que antes era un misterio, hoy ya empieza a descubrirse nuevos estudios, y lo que sabemos hasta ahora&#8221;, sostuvo. Asimismo remarc\u00f3 &#8220;lo que la neurociencia ha descubierto hasta ahora, ya transform\u00f3 la educaci\u00f3n, la salud, el trabajo, y hasta la forma en que nos criamos, y c\u00f3mo nos relacionamos inclusive. Por eso la importancia de comprender el cerebro, porque es un organismo clave. Porque todo lo que hacemos y lo que somos pasa por el cerebro. Es uno de los \u00f3rganos m\u00e1s importantes del cuerpo y sabemos poco de \u00e9l&#8221;, indic\u00f3 para \u00e9poca.<\/p>\n\n\n\n<h2 class=\"wp-block-heading\">El cerebro adolescente<\/h2>\n\n\n\n<p>&#8220;En mi libro hablo de un cerebro en construcci\u00f3n en la etapa de la adolescencia. Porque esperamos muchas veces que el adolescente piense y act\u00fae como un adulto responsable. Pero lo cierto es que el cerebro todav\u00eda est\u00e1 en proceso de maduraci\u00f3n, y esto, inclusive hasta los 27 a\u00f1os, tarda la maduraci\u00f3n cerebral de un adolescente&#8221;, precis\u00f3.&nbsp;<\/p>\n\n\n\n<p>&#8220;El que s\u00ed est\u00e1 muy activo en esa etapa es el sistema l\u00edmbico. Ah\u00ed es donde se procesan las emociones, los deseos, las recompensas, porque eso se activa much\u00edsimo antes que la corteza prefrontal. Y esto es lo que esto es lo que genera un desbalance natural&#8221;, explic\u00f3.&nbsp;<\/p>\n\n\n\n<figure class=\"wp-block-image\"><img decoding=\"async\" src=\"https:\/\/www.diarioepoca.com\/content\/bucket\/3\/1477403w380h553c.jpg.webp\" alt=\"\"\/><\/figure>\n\n\n\n<p>Los adolescentes &#8220;sienten con intensidad, pero todav\u00eda no cuentan con los recursos para regular esas emociones, o analizar racionalmente sus actos. Y esto implica muchas de las conductas t\u00edpicas del adolescente, la impulsividad, la necesidad de aprobaci\u00f3n, la b\u00fasqueda de sensaciones, los cambios de humor, las dificultades para pensar en largo plazo, y lo m\u00e1s alarmante es asumir las consecuencias&#8221;, dijo Ram\u00edrez.&nbsp;<\/p>\n\n\n\n<p>&#8220;Est\u00e1n secuestrados amigdalarmente, quiere decir que toma el control la am\u00edgdala cerebral, que es la cuna de las emociones, y entonces todo lo que van a experimentar lo van a experimentar a la quinta potencia&#8221;, resalt\u00f3.<\/p>\n\n\n\n<p>&#8220;Entendiendo c\u00f3mo funciona el cerebro, nos va a hacer comprender que los adolescentes no est\u00e1n locos, est\u00e1n neurodesarroll\u00e1ndose. Eso, por supuesto, no significa justificar todo, pero nos invita a cambiar la forma de acompa\u00f1ar. En lugar de imponer o castigar, el foco deber\u00eda estar en guiar y ser centinela de su corteza prefrontal, ya que todav\u00eda esa \u00e1rea cerebral no est\u00e1 desarrollada. Nosotros los adultos responsables somos los que tenemos que acompa\u00f1ar y cuidar esa \u00e1rea del prefrontal cerebral. Poner l\u00edmites es fundamental. Tenemos que dialogar y fomentar la confianza, sobre todo&#8221;, aconsej\u00f3 la especialista.<\/p>\n\n\n\n<h2 class=\"wp-block-heading\">Presentaci\u00f3n del libro&nbsp;<\/h2>\n\n\n\n<p>El pasado 20 de febrero en Resistencia, Chaco, la autora present\u00f3 su libro y confirm\u00f3 que est\u00e1n ajustando detalles para presentarlo en Corrientes durante el mes de abril.&nbsp;<\/p>\n\n\n\n<p>Los interesados en obtener una copia anticipadamente pueden enviar un mensaje al Instagram de su consultor\u00eda: @m.itatiramirez.&nbsp;<\/p>\n\n\n\n<p>La especialista tambi\u00e9n destac\u00f3, como ejemplo del contenido, el estado del cerebro adolescente, donde la intensidad emocional domina debido a la activaci\u00f3n temprana del sistema l\u00edmbico.<\/p>\n","protected":false},"excerpt":{"rendered":"<p>Mar\u00eda Itat\u00ed Ram\u00edrez es correntina y especialista en Neurociencias Aplicada a la Vida Cotidiana. Recientemente present\u00f3 su libro &#8220;Neurociencia para la vida cotidiana&#8221;, un proyecto que busca desmitificar el funcionamiento&hellip; <\/p>\n","protected":false},"author":3,"featured_media":248382,"comment_status":"closed","ping_status":"open","sticky":false,"template":"","format":"standard","meta":{"footnotes":""},"categories":[1],"tags":[],"class_list":["post-248380","post","type-post","status-publish","format-standard","has-post-thumbnail","hentry","category-informacion-general"],"_links":{"self":[{"href":"https:\/\/corrientesdetarde.com\/index.php\/wp-json\/wp\/v2\/posts\/248380","targetHints":{"allow":["GET"]}}],"collection":[{"href":"https:\/\/corrientesdetarde.com\/index.php\/wp-json\/wp\/v2\/posts"}],"about":[{"href":"https:\/\/corrientesdetarde.com\/index.php\/wp-json\/wp\/v2\/types\/post"}],"author":[{"embeddable":true,"href":"https:\/\/corrientesdetarde.com\/index.php\/wp-json\/wp\/v2\/users\/3"}],"replies":[{"embeddable":true,"href":"https:\/\/corrientesdetarde.com\/index.php\/wp-json\/wp\/v2\/comments?post=248380"}],"version-history":[{"count":1,"href":"https:\/\/corrientesdetarde.com\/index.php\/wp-json\/wp\/v2\/posts\/248380\/revisions"}],"predecessor-version":[{"id":248414,"href":"https:\/\/corrientesdetarde.com\/index.php\/wp-json\/wp\/v2\/posts\/248380\/revisions\/248414"}],"wp:featuredmedia":[{"embeddable":true,"href":"https:\/\/corrientesdetarde.com\/index.php\/wp-json\/wp\/v2\/media\/248382"}],"wp:attachment":[{"href":"https:\/\/corrientesdetarde.com\/index.php\/wp-json\/wp\/v2\/media?parent=248380"}],"wp:term":[{"taxonomy":"category","embeddable":true,"href":"https:\/\/corrientesdetarde.com\/index.php\/wp-json\/wp\/v2\/categories?post=248380"},{"taxonomy":"post_tag","embeddable":true,"href":"https:\/\/corrientesdetarde.com\/index.php\/wp-json\/wp\/v2\/tags?post=248380"}],"curies":[{"name":"wp","href":"https:\/\/api.w.org\/{rel}","templated":true}]}}