{"id":248419,"date":"2026-03-06T15:40:18","date_gmt":"2026-03-06T18:40:18","guid":{"rendered":"https:\/\/corrientesdetarde.com\/?p=248419"},"modified":"2026-03-06T15:40:32","modified_gmt":"2026-03-06T18:40:32","slug":"transportaba-pescados-sin-los-permisos-se-atrinchero-y-le-terminaron-secuestrando-el-camion","status":"publish","type":"post","link":"https:\/\/corrientesdetarde.com\/index.php\/actualidad\/transportaba-pescados-sin-los-permisos-se-atrinchero-y-le-terminaron-secuestrando-el-camion\/","title":{"rendered":"Transportaba pescados sin los permisos, se atrincher\u00f3 y le terminaron secuestrando el cami\u00f3n"},"content":{"rendered":"\n<p>Un cami\u00f3n repleto de pescados fue demorado esta madrugada por efectivos de Gendarmer\u00eda Nacional y el conductor se neg\u00f3 a descender del veh\u00edculo y se atrincher\u00f3 por varias horas. Se estima que la carga de surub\u00edes y dorados y otras especies asciende a 300 ejemplares. &nbsp;Y el hecho tuvo lugar en el acceso a la localidad de Ituzaing\u00f3. El cami\u00f3n fue secuestrado y la carga incautada.<\/p>\n\n\n\n<p>El cami\u00f3n pertenece a la empresa &#8220;Puerto Banus&#8221;, oriunda de la localidad de Bella Vista y se encuentra rodeado por efectivos de la fuerza federal, mientras el hombre se niega a descender, informaron testigos presenciales sobre el hecho que fueron confirmadas oficialmente.<\/p>\n\n\n\n<p>En el operativo tambi\u00e9n estuvieron presentes efectivos policiales y personal de la Direcci\u00f3n de Flora y Fauna.&nbsp;<\/p>\n\n\n\n<p>Se trata de la misma empresa que meses atr\u00e1s, en otro procedimiento, se le decomis\u00f3 una camioneta repleta de pescados, cuya comercializaci\u00f3n est\u00e1 regulada y protegida.<\/p>\n\n\n\n<p>El inspector de Flora y Fauna, Ra\u00fal Barrientos, confirm\u00f3 el hecho y se\u00f1al\u00f3 que el conductor del cami\u00f3n y propietario de la empresa, &#8220;qued\u00f3 supeditado a la causa, por desacato a la autoridad&#8221;. \u00a0<\/p>\n\n\n\n<p>En tanto, detall\u00f3 que la mencionada empresa &#8220;estaba inhabilitada para el acopio y venta de pescados de r\u00edo&#8221; y se\u00f1al\u00f3 que el control en cercan\u00edas de Ituzaing\u00f3, &#8220;este e infractor se atrincher\u00f3&#8221;.<\/p>\n\n\n\n<p>&#8220;No pose\u00eda la documentaci\u00f3n correspondiente, el dorado es una especie protegida y no se comercializa&#8221;, concluy\u00f3.<\/p>\n","protected":false},"excerpt":{"rendered":"<p>Un cami\u00f3n repleto de pescados fue demorado esta madrugada por efectivos de Gendarmer\u00eda Nacional y el conductor se neg\u00f3 a descender del veh\u00edculo y se atrincher\u00f3 por varias horas. Se&hellip; <\/p>\n","protected":false},"author":1,"featured_media":248424,"comment_status":"closed","ping_status":"open","sticky":false,"template":"","format":"standard","meta":{"footnotes":""},"categories":[23],"tags":[],"class_list":["post-248419","post","type-post","status-publish","format-standard","has-post-thumbnail","hentry","category-actualidad"],"_links":{"self":[{"href":"https:\/\/corrientesdetarde.com\/index.php\/wp-json\/wp\/v2\/posts\/248419","targetHints":{"allow":["GET"]}}],"collection":[{"href":"https:\/\/corrientesdetarde.com\/index.php\/wp-json\/wp\/v2\/posts"}],"about":[{"href":"https:\/\/corrientesdetarde.com\/index.php\/wp-json\/wp\/v2\/types\/post"}],"author":[{"embeddable":true,"href":"https:\/\/corrientesdetarde.com\/index.php\/wp-json\/wp\/v2\/users\/1"}],"replies":[{"embeddable":true,"href":"https:\/\/corrientesdetarde.com\/index.php\/wp-json\/wp\/v2\/comments?post=248419"}],"version-history":[{"count":1,"href":"https:\/\/corrientesdetarde.com\/index.php\/wp-json\/wp\/v2\/posts\/248419\/revisions"}],"predecessor-version":[{"id":248427,"href":"https:\/\/corrientesdetarde.com\/index.php\/wp-json\/wp\/v2\/posts\/248419\/revisions\/248427"}],"wp:featuredmedia":[{"embeddable":true,"href":"https:\/\/corrientesdetarde.com\/index.php\/wp-json\/wp\/v2\/media\/248424"}],"wp:attachment":[{"href":"https:\/\/corrientesdetarde.com\/index.php\/wp-json\/wp\/v2\/media?parent=248419"}],"wp:term":[{"taxonomy":"category","embeddable":true,"href":"https:\/\/corrientesdetarde.com\/index.php\/wp-json\/wp\/v2\/categories?post=248419"},{"taxonomy":"post_tag","embeddable":true,"href":"https:\/\/corrientesdetarde.com\/index.php\/wp-json\/wp\/v2\/tags?post=248419"}],"curies":[{"name":"wp","href":"https:\/\/api.w.org\/{rel}","templated":true}]}}