{"id":24842,"date":"2022-12-03T11:05:47","date_gmt":"2022-12-03T14:05:47","guid":{"rendered":"https:\/\/corrientesdetarde.com\/?p=24842"},"modified":"2022-12-03T11:05:48","modified_gmt":"2022-12-03T14:05:48","slug":"presentaron-las-propuestas-de-verano-de-san-luis-del-palmar","status":"publish","type":"post","link":"https:\/\/corrientesdetarde.com\/index.php\/turismo\/presentaron-las-propuestas-de-verano-de-san-luis-del-palmar\/","title":{"rendered":"Presentaron las propuestas de verano de San Luis del Palmar"},"content":{"rendered":"\n<p>\u00a0En el Sal\u00f3n Verde de Casa de Gobierno se llev\u00f3 acabo el lanzamiento oficial de las diversas actividades tur\u00edsticas, gastron\u00f3micas, recreativas y culturales que ofrecer\u00e1 la localidad de San Luis del Palmar en la temporada de verano.<\/p>\n\n\n\n<p>Con la presencia del intendente Reni Buj\u00e1n y del secretario de Cultura de la Comuna, Pablo Obreg\u00f3n, entre otras autoridades, se dieron a conocer en detalle las diferentes propuestas veraniegas. En primer lugar, se realizar\u00e1 la XII Fiesta Provincial del Chicharr\u00f3n, el 6 y 7 de enero en el Polideportivo Municipal, &#8220;Mbay\u00e1 Soto&#8221;. Luego, el 22 de enero tendr\u00e1 lugar la Fiesta del Verano en el remozado Camping Municipal.<\/p>\n\n\n\n<p>El carnaval sanluise\u00f1o ofrecer\u00e1 seis noches a puro color y m\u00fasica, el 27 y 28 de enero, 3 y 4 y 10 y 11 de febrero, es decir durante tres fines de semana consecutivos, en el cors\u00f3dromo local. La Fiesta Provincial del Chicharr\u00f3n contar\u00e1 con luna grilla de artistas de primer nivel, entre quienes se encuentran Los Totoras, Los Alonsitos, L\u00e1zaro Caballero, Mat\u00edas Sotelo, Los Continuados y muchos m\u00e1s.<\/p>\n\n\n\n<p>A su vez, en el marco de la Fiesta del Verano, ofrecer\u00e1 su repertorio el m\u00fasico uruguayo Mat\u00edas Valdez y la oportunidad ser\u00e1 propicia para exhibir la flamante infraestructura con la que cuenta el Camping Municipal. Adem\u00e1s, el Carnaval se concretar\u00e1 el \u00faltimo fin de semana de enero y los dos primeros de febrero.<\/p>\n","protected":false},"excerpt":{"rendered":"<p>\u00a0En el Sal\u00f3n Verde de Casa de Gobierno se llev\u00f3 acabo el lanzamiento oficial de las diversas actividades tur\u00edsticas, gastron\u00f3micas, recreativas y culturales que ofrecer\u00e1 la localidad de San Luis&hellip; <\/p>\n","protected":false},"author":3,"featured_media":24843,"comment_status":"closed","ping_status":"open","sticky":false,"template":"","format":"standard","meta":{"footnotes":""},"categories":[31],"tags":[],"class_list":["post-24842","post","type-post","status-publish","format-standard","has-post-thumbnail","hentry","category-turismo"],"_links":{"self":[{"href":"https:\/\/corrientesdetarde.com\/index.php\/wp-json\/wp\/v2\/posts\/24842","targetHints":{"allow":["GET"]}}],"collection":[{"href":"https:\/\/corrientesdetarde.com\/index.php\/wp-json\/wp\/v2\/posts"}],"about":[{"href":"https:\/\/corrientesdetarde.com\/index.php\/wp-json\/wp\/v2\/types\/post"}],"author":[{"embeddable":true,"href":"https:\/\/corrientesdetarde.com\/index.php\/wp-json\/wp\/v2\/users\/3"}],"replies":[{"embeddable":true,"href":"https:\/\/corrientesdetarde.com\/index.php\/wp-json\/wp\/v2\/comments?post=24842"}],"version-history":[{"count":1,"href":"https:\/\/corrientesdetarde.com\/index.php\/wp-json\/wp\/v2\/posts\/24842\/revisions"}],"predecessor-version":[{"id":24844,"href":"https:\/\/corrientesdetarde.com\/index.php\/wp-json\/wp\/v2\/posts\/24842\/revisions\/24844"}],"wp:featuredmedia":[{"embeddable":true,"href":"https:\/\/corrientesdetarde.com\/index.php\/wp-json\/wp\/v2\/media\/24843"}],"wp:attachment":[{"href":"https:\/\/corrientesdetarde.com\/index.php\/wp-json\/wp\/v2\/media?parent=24842"}],"wp:term":[{"taxonomy":"category","embeddable":true,"href":"https:\/\/corrientesdetarde.com\/index.php\/wp-json\/wp\/v2\/categories?post=24842"},{"taxonomy":"post_tag","embeddable":true,"href":"https:\/\/corrientesdetarde.com\/index.php\/wp-json\/wp\/v2\/tags?post=24842"}],"curies":[{"name":"wp","href":"https:\/\/api.w.org\/{rel}","templated":true}]}}