{"id":248495,"date":"2026-03-07T10:50:00","date_gmt":"2026-03-07T13:50:00","guid":{"rendered":"https:\/\/corrientesdetarde.com\/?p=248495"},"modified":"2026-03-07T12:01:04","modified_gmt":"2026-03-07T15:01:04","slug":"milei-llego-a-la-cumbre-escudos-de-las-americas","status":"publish","type":"post","link":"https:\/\/corrientesdetarde.com\/index.php\/politica\/milei-llego-a-la-cumbre-escudos-de-las-americas\/","title":{"rendered":"Milei lleg\u00f3 a la Cumbre Escudos de las Am\u00e9ricas."},"content":{"rendered":"\n<h2 class=\"wp-block-heading\">El Presidente tendr\u00e1 un almuerzo de trabajo con su par estadounidense y luego viajar\u00e1 a Nueva York. La agenda. <\/h2>\n\n\n\n<p>El presidente&nbsp;Javier Milei&nbsp;volver\u00e1 a verse este s\u00e1bado con su par estadounidense,&nbsp;Donald Trump, con quien compartir\u00e1 un almuerzo de trabajo en Florida.<\/p>\n\n\n\n<p>Seg\u00fan la agenda oficial de la gira, a las 14 (hora argentina)&nbsp;Milei participar\u00e1 en la Cumbre Escudos de las Am\u00e9ricas, para formar parte desde las 15:15 de un almuerzo de trabajo ofrecido por Trump.<\/p>\n\n\n\n<p>La Cumbre Escudos de las Am\u00e9ricas nuclea a 11 naciones de Latinoam\u00e9rica aliadas bajo el objetivo de neutralizar la presencia de China en la regi\u00f3n.<\/p>\n\n\n\n<p>Hasta entonces, confirmaron asistencia junto a la Argentina los representantes de Bolivia, Costa Rica, Rep\u00fablica Dominicana, Ecuador, El Salvador, Honduras, Panam\u00e1, Paraguay y Trinidad y Tobago. Tambi\u00e9n se espera la participaci\u00f3n del presidente electo de Chile,&nbsp;Jos\u00e9 Antonio Kast.<\/p>\n\n\n\n<p>Al finalizar la cumbre, Trump har\u00e1 entrega del Premio de la Hispanic Prosperity Gala. A las 21.30, en tanto, Milei partir\u00e1 a la ciudad de Nueva York para participar de la Argentina Week.<\/p>\n\n\n\n<h2 class=\"wp-block-heading\"><strong>C\u00f3mo sigue la agenda internacional de Milei<\/strong><\/h2>\n\n\n\n<p>El domingo por la ma\u00f1ana el Presidente visitar\u00e1 la&nbsp;tumba del Rebe de Lubavitch&nbsp;en Nueva York.<\/p>\n\n\n\n<p>Al d\u00eda siguiente, Milei&nbsp;disertar\u00e1 en la Yeshiva University. M\u00e1s tarde, participar\u00e1 de la&nbsp;Gala Anual J100&nbsp;organizada por el medio The Algemeiner, donde brindar\u00e1 unas palabras.<\/p>\n\n\n\n<p>La agenda continuar\u00e1 el martes con un&nbsp;encuentro con el CEO de JPMorgan, Jamie Dimon. Luego, encabezar\u00e1 la inauguraci\u00f3n de la&nbsp;Argentina Week 2026&nbsp;en Nueva York, un evento organizado por la Embajada argentina en Estados Unidos junto a JPMorgan y Bank of America.<\/p>\n\n\n\n<p>Ese mismo d\u00eda, el mandatario partir\u00e1 en un vuelo especial rumbo a Santiago de Chile.<\/p>\n\n\n\n<p>Finalmente, el mi\u00e9rcoles asistir\u00e1 a la&nbsp;ceremonia de transmisi\u00f3n del mando presidencial en Chile, en la que Jos\u00e9 Antonio Kast asumir\u00e1 como presidente en el Congreso Nacional de Valpara\u00edso.<\/p>\n","protected":false},"excerpt":{"rendered":"<p>El Presidente tendr\u00e1 un almuerzo de trabajo con su par estadounidense y luego viajar\u00e1 a Nueva York. La agenda. El presidente&nbsp;Javier Milei&nbsp;volver\u00e1 a verse este s\u00e1bado con su par estadounidense,&nbsp;Donald&hellip; <\/p>\n","protected":false},"author":6,"featured_media":248502,"comment_status":"closed","ping_status":"open","sticky":false,"template":"","format":"standard","meta":{"footnotes":""},"categories":[3],"tags":[],"class_list":["post-248495","post","type-post","status-publish","format-standard","has-post-thumbnail","hentry","category-politica"],"_links":{"self":[{"href":"https:\/\/corrientesdetarde.com\/index.php\/wp-json\/wp\/v2\/posts\/248495","targetHints":{"allow":["GET"]}}],"collection":[{"href":"https:\/\/corrientesdetarde.com\/index.php\/wp-json\/wp\/v2\/posts"}],"about":[{"href":"https:\/\/corrientesdetarde.com\/index.php\/wp-json\/wp\/v2\/types\/post"}],"author":[{"embeddable":true,"href":"https:\/\/corrientesdetarde.com\/index.php\/wp-json\/wp\/v2\/users\/6"}],"replies":[{"embeddable":true,"href":"https:\/\/corrientesdetarde.com\/index.php\/wp-json\/wp\/v2\/comments?post=248495"}],"version-history":[{"count":1,"href":"https:\/\/corrientesdetarde.com\/index.php\/wp-json\/wp\/v2\/posts\/248495\/revisions"}],"predecessor-version":[{"id":248503,"href":"https:\/\/corrientesdetarde.com\/index.php\/wp-json\/wp\/v2\/posts\/248495\/revisions\/248503"}],"wp:featuredmedia":[{"embeddable":true,"href":"https:\/\/corrientesdetarde.com\/index.php\/wp-json\/wp\/v2\/media\/248502"}],"wp:attachment":[{"href":"https:\/\/corrientesdetarde.com\/index.php\/wp-json\/wp\/v2\/media?parent=248495"}],"wp:term":[{"taxonomy":"category","embeddable":true,"href":"https:\/\/corrientesdetarde.com\/index.php\/wp-json\/wp\/v2\/categories?post=248495"},{"taxonomy":"post_tag","embeddable":true,"href":"https:\/\/corrientesdetarde.com\/index.php\/wp-json\/wp\/v2\/tags?post=248495"}],"curies":[{"name":"wp","href":"https:\/\/api.w.org\/{rel}","templated":true}]}}