{"id":248496,"date":"2026-03-07T10:50:00","date_gmt":"2026-03-07T13:50:00","guid":{"rendered":"https:\/\/corrientesdetarde.com\/?p=248496"},"modified":"2026-03-07T12:03:57","modified_gmt":"2026-03-07T15:03:57","slug":"pronostico-para-el-fin-de-semana","status":"publish","type":"post","link":"https:\/\/corrientesdetarde.com\/index.php\/clima\/pronostico-para-el-fin-de-semana\/","title":{"rendered":"Pron\u00f3stico para el fin de semana."},"content":{"rendered":"\n<h2 class=\"wp-block-heading\">Si bien no rige alerta amarilla por tormentas, el organismo nacional del clima anticip\u00f3 que los d\u00edas estar\u00e1n inestables con posibilidad de chaparrones y lluvias aisladas. A continuaci\u00f3n, te contamos m\u00e1s.<\/h2>\n\n\n\n<p>El fin de semana en Corrientes tendremos d\u00edas de inestabilidad, con chaparrones y tormentas aisladas para este&nbsp;<strong>s\u00e1bado y el domingo,<\/strong>&nbsp;seg\u00fan el pron\u00f3stico del Servicio Meteorol\u00f3gico Nacional.<\/p>\n\n\n\n<p>Para el s\u00e1bado se esperan&nbsp;chaparrones durante la ma\u00f1ana y la tarde, con una probabilidad de precipitaciones entre 40% y 70% en las primeras horas del d\u00eda. Hacia la noche, el cielo&nbsp;<strong>permanecer\u00eda mayormente nublado y la temperatura m\u00e1xima alcanzar\u00eda los 30\u00b0C.<\/strong><\/p>\n\n\n\n<h2 class=\"wp-block-heading\"><strong>C\u00f3mo estar\u00e1 el tiempo el domingo<\/strong><\/h2>\n\n\n\n<p>El pron\u00f3stico indica que el domingo continuar\u00e1 la inestabilidad. Durante la madrugada y la ma\u00f1ana el cielo permanecer\u00e1 mayormente nublado.<\/p>\n\n\n\n<figure class=\"wp-block-image\"><a href=\"https:\/\/www.radiosudamericana.com\/notix\/multimedia\/imagenes\/fotos\/2026-03-07\/759209.png\"><img decoding=\"async\" src=\"https:\/\/www.radiosudamericana.com\/notix\/multimedia\/imagenes\/fotos\/2026-03-07\/759209.png_nota.png\" alt=\"\"\/><\/a><\/figure>\n\n\n\n<p>Hacia la tarde y la noche podr\u00edan registrarse tormentas aisladas, con probabilidades de lluvia que nuevamente se ubican&nbsp;<strong>entre 40% y 70%.<\/strong>&nbsp;La temperatura m\u00ednima ser\u00e1 de 21\u00b0C y la m\u00e1xima alcanzar\u00e1 los 31\u00b0C.<\/p>\n\n\n\n<h2 class=\"wp-block-heading\"><strong>C\u00f3mo seguir\u00e1 el clima en la semana<\/strong><\/h2>\n\n\n\n<p>Las condiciones inestables continuar\u00edan durante el inicio de la semana. Para el lunes se anticipan tormentas durante la madrugada y la ma\u00f1ana, seguidas de chaparrones hacia la tarde.<\/p>\n","protected":false},"excerpt":{"rendered":"<p>Si bien no rige alerta amarilla por tormentas, el organismo nacional del clima anticip\u00f3 que los d\u00edas estar\u00e1n inestables con posibilidad de chaparrones y lluvias aisladas. A continuaci\u00f3n, te contamos&hellip; <\/p>\n","protected":false},"author":6,"featured_media":248504,"comment_status":"closed","ping_status":"open","sticky":false,"template":"","format":"standard","meta":{"footnotes":""},"categories":[29],"tags":[],"class_list":["post-248496","post","type-post","status-publish","format-standard","has-post-thumbnail","hentry","category-clima"],"_links":{"self":[{"href":"https:\/\/corrientesdetarde.com\/index.php\/wp-json\/wp\/v2\/posts\/248496","targetHints":{"allow":["GET"]}}],"collection":[{"href":"https:\/\/corrientesdetarde.com\/index.php\/wp-json\/wp\/v2\/posts"}],"about":[{"href":"https:\/\/corrientesdetarde.com\/index.php\/wp-json\/wp\/v2\/types\/post"}],"author":[{"embeddable":true,"href":"https:\/\/corrientesdetarde.com\/index.php\/wp-json\/wp\/v2\/users\/6"}],"replies":[{"embeddable":true,"href":"https:\/\/corrientesdetarde.com\/index.php\/wp-json\/wp\/v2\/comments?post=248496"}],"version-history":[{"count":1,"href":"https:\/\/corrientesdetarde.com\/index.php\/wp-json\/wp\/v2\/posts\/248496\/revisions"}],"predecessor-version":[{"id":248505,"href":"https:\/\/corrientesdetarde.com\/index.php\/wp-json\/wp\/v2\/posts\/248496\/revisions\/248505"}],"wp:featuredmedia":[{"embeddable":true,"href":"https:\/\/corrientesdetarde.com\/index.php\/wp-json\/wp\/v2\/media\/248504"}],"wp:attachment":[{"href":"https:\/\/corrientesdetarde.com\/index.php\/wp-json\/wp\/v2\/media?parent=248496"}],"wp:term":[{"taxonomy":"category","embeddable":true,"href":"https:\/\/corrientesdetarde.com\/index.php\/wp-json\/wp\/v2\/categories?post=248496"},{"taxonomy":"post_tag","embeddable":true,"href":"https:\/\/corrientesdetarde.com\/index.php\/wp-json\/wp\/v2\/tags?post=248496"}],"curies":[{"name":"wp","href":"https:\/\/api.w.org\/{rel}","templated":true}]}}