{"id":248497,"date":"2026-03-07T10:00:00","date_gmt":"2026-03-07T13:00:00","guid":{"rendered":"https:\/\/corrientesdetarde.com\/?p=248497"},"modified":"2026-03-07T11:57:21","modified_gmt":"2026-03-07T14:57:21","slug":"un-agente-de-la-policia-del-chaco-fue-hallado-sin-vida-en-su-domicilio","status":"publish","type":"post","link":"https:\/\/corrientesdetarde.com\/index.php\/policiales\/un-agente-de-la-policia-del-chaco-fue-hallado-sin-vida-en-su-domicilio\/","title":{"rendered":"Un agente de la Polic\u00eda del Chaco fue hallado sin vida en su domicilio."},"content":{"rendered":"\n<h2 class=\"wp-block-heading\">El joven agente, que prestaba servicio en el Departamento de Seguridad Rural de Villa \u00c1ngela en la provincia del Chaco y\u00a0fue encontrado por familiares en su casa. En el lugar se hall\u00f3 su arma reglamentaria.<\/h2>\n\n\n\n<p>Un empleado policial fue hallado sin vida este viernes por la tarde en su vivienda del barrio Villa del Carmen<strong>, en la localidad de Villa Berthet, en Chaco.<\/strong><\/p>\n\n\n\n<p>Seg\u00fan informaron fuentes policiales, el hallazgo se produjo alrededor de las 15:50, cuando familiares del joven ingresaron a su domicilio y lo encontraron recostado en su cama con una herida de arma de fuego en la cabeza. Tras el descubrimiento, dieron aviso inmediato a la Polic\u00eda.<\/p>\n\n\n\n<p>El efectivo prestaba servicio en el Departamento de Seguridad Rural de la ciudad de Villa \u00c1ngela. En el lugar del hecho tambi\u00e9n fue encontrada su arma reglamentaria.&nbsp;Personal de la comisar\u00eda local acudi\u00f3 al domicilio.<strong>&nbsp;Por el momento no trascendieron mayores detalles.<\/strong><\/p>\n","protected":false},"excerpt":{"rendered":"<p>El joven agente, que prestaba servicio en el Departamento de Seguridad Rural de Villa \u00c1ngela en la provincia del Chaco y\u00a0fue encontrado por familiares en su casa. En el lugar&hellip; <\/p>\n","protected":false},"author":6,"featured_media":248498,"comment_status":"closed","ping_status":"open","sticky":false,"template":"","format":"standard","meta":{"footnotes":""},"categories":[33],"tags":[],"class_list":["post-248497","post","type-post","status-publish","format-standard","has-post-thumbnail","hentry","category-policiales"],"_links":{"self":[{"href":"https:\/\/corrientesdetarde.com\/index.php\/wp-json\/wp\/v2\/posts\/248497","targetHints":{"allow":["GET"]}}],"collection":[{"href":"https:\/\/corrientesdetarde.com\/index.php\/wp-json\/wp\/v2\/posts"}],"about":[{"href":"https:\/\/corrientesdetarde.com\/index.php\/wp-json\/wp\/v2\/types\/post"}],"author":[{"embeddable":true,"href":"https:\/\/corrientesdetarde.com\/index.php\/wp-json\/wp\/v2\/users\/6"}],"replies":[{"embeddable":true,"href":"https:\/\/corrientesdetarde.com\/index.php\/wp-json\/wp\/v2\/comments?post=248497"}],"version-history":[{"count":1,"href":"https:\/\/corrientesdetarde.com\/index.php\/wp-json\/wp\/v2\/posts\/248497\/revisions"}],"predecessor-version":[{"id":248499,"href":"https:\/\/corrientesdetarde.com\/index.php\/wp-json\/wp\/v2\/posts\/248497\/revisions\/248499"}],"wp:featuredmedia":[{"embeddable":true,"href":"https:\/\/corrientesdetarde.com\/index.php\/wp-json\/wp\/v2\/media\/248498"}],"wp:attachment":[{"href":"https:\/\/corrientesdetarde.com\/index.php\/wp-json\/wp\/v2\/media?parent=248497"}],"wp:term":[{"taxonomy":"category","embeddable":true,"href":"https:\/\/corrientesdetarde.com\/index.php\/wp-json\/wp\/v2\/categories?post=248497"},{"taxonomy":"post_tag","embeddable":true,"href":"https:\/\/corrientesdetarde.com\/index.php\/wp-json\/wp\/v2\/tags?post=248497"}],"curies":[{"name":"wp","href":"https:\/\/api.w.org\/{rel}","templated":true}]}}