{"id":248506,"date":"2026-03-07T11:00:00","date_gmt":"2026-03-07T14:00:00","guid":{"rendered":"https:\/\/corrientesdetarde.com\/?p=248506"},"modified":"2026-03-07T15:13:19","modified_gmt":"2026-03-07T18:13:19","slug":"alerta-en-corrientes-por-un-caso-de-rabia-paresiante","status":"publish","type":"post","link":"https:\/\/corrientesdetarde.com\/index.php\/informacion-general\/alerta-en-corrientes-por-un-caso-de-rabia-paresiante\/","title":{"rendered":"Alerta en Corrientes por un caso de rabia paresiante."},"content":{"rendered":"\n<h2 class=\"wp-block-heading\">SENASA activ\u00f3 el protocolo y articula acciones con los ministerios de Producci\u00f3n y de Salud, y FUCOSA para fortalecer la vigilancia y la prevenci\u00f3n.<\/h2>\n\n\n\n<p>El Servicio Nacional de Sanidad y Calidad Agroalimentaria (SENASA) confirm\u00f3 un caso positivo de rabia paresiante en bovinos, pertenecientes a un establecimiento rural ubicado en la localidad de San Cosme, en el l\u00edmite con el departamento de Itat\u00ed (Ruta Provincial N\u00ba 1), provincia de Corrientes.<\/p>\n\n\n\n<p>La notificaci\u00f3n de la sospecha fue voluntaria y realizada por los titulares de la unidad productiva, quienes advirtieron la presencia de s\u00edntomas compatibles con la enfermedad y mortandad posterior en uno de sus animales. Inmediatamente, profesionales del SENASA realizaron la toma de muestras y las remitieron al Laboratorio Oficial de Candelaria, donde se realiz\u00f3 el diagn\u00f3stico y confirm\u00f3 el resultado positivo a rabia paresiante.<\/p>\n\n\n\n<p>Tras la confirmaci\u00f3n, el organismo sanitario nacional activ\u00f3 los protocolos sanitarios correspondientes, que incluyeron acciones de vigilancia epidemiol\u00f3gica en el \u00e1rea afectada y la vacunaci\u00f3n preventiva y obligatoria de las especies susceptibles, tanto en el predio afectado como en todos aquellos ubicados en un radio de 10 km alrededor del brote.<\/p>\n\n\n\n<p>Una vez cumplimentada la vacunaci\u00f3n, se indic\u00f3 a los productores que deber\u00e1n registrarla en la oficina del SENASA de la jurisdicci\u00f3n y revacunar entre los 20 y 30 d\u00edas posteriores a la primera dosis (en caso de primovacunados), conforme a lo establecido por la normativa vigente. Para aquellos animales que cuenten con la vacuna antirr\u00e1bica, su revacunaci\u00f3n ser\u00e1 anual.<\/p>\n\n\n\n<p>Estas tareas son coordinadas junto con los ministerios de Producci\u00f3n y Salud de la provincia de Corrientes, la Fundaci\u00f3n Correntina para la Sanidad Animal (FUCOSA), que acompa\u00f1an las tareas de vigilancia epidemiol\u00f3gica, control sanitario y fortalecimiento de las medidas preventivas en la zona. De la misma manera, se notificar\u00e1 y trabajar\u00e1 de manera coordinada con los municipios aleda\u00f1os para reforzar las acciones sanitarias y la difusi\u00f3n de medidas preventivas entre los productores, con el objetivo de reducir el riesgo de propagaci\u00f3n de la enfermedad.<\/p>\n\n\n\n<p>La rabia es una enfermedad epid\u00e9mica y recurrente, causada por el virus r\u00e1bico y transmitida principalmente por el vampiro com\u00fan Desmodus rotundus. Afecta principalmente a bovinos y equinos y, con menor frecuencia, a otras especies dom\u00e9sticas, a las personas y a algunos animales silvestres.<\/p>\n\n\n\n<p>Ante esta situaci\u00f3n, el SENASA recuerda a los productores mantener actualizada la vacunaci\u00f3n en \u00e1reas de riesgo y notificar inmediatamente la presencia de animales con signos neurol\u00f3gicos \u2014incoordinaci\u00f3n, dificultad para desplazarse o cambios de comportamiento\u2014 y\/o detecci\u00f3n de posibles refugios de vampiros en la oficina del Senasa m\u00e1s cercana (personalmente o por tel\u00e9fono), por Whatsapp al 11 5700 5704; escribiendo un correo electr\u00f3nico a&nbsp;notificaciones@senasa.gob.ar, o a trav\u00e9s del Formulario Avis\u00e1 al Senasa disponible en el sitio web oficial.<\/p>\n","protected":false},"excerpt":{"rendered":"<p>SENASA activ\u00f3 el protocolo y articula acciones con los ministerios de Producci\u00f3n y de Salud, y FUCOSA para fortalecer la vigilancia y la prevenci\u00f3n. El Servicio Nacional de Sanidad y&hellip; <\/p>\n","protected":false},"author":6,"featured_media":248511,"comment_status":"closed","ping_status":"open","sticky":false,"template":"","format":"standard","meta":{"footnotes":""},"categories":[26,1],"tags":[],"class_list":["post-248506","post","type-post","status-publish","format-standard","has-post-thumbnail","hentry","category-destacados","category-informacion-general"],"_links":{"self":[{"href":"https:\/\/corrientesdetarde.com\/index.php\/wp-json\/wp\/v2\/posts\/248506","targetHints":{"allow":["GET"]}}],"collection":[{"href":"https:\/\/corrientesdetarde.com\/index.php\/wp-json\/wp\/v2\/posts"}],"about":[{"href":"https:\/\/corrientesdetarde.com\/index.php\/wp-json\/wp\/v2\/types\/post"}],"author":[{"embeddable":true,"href":"https:\/\/corrientesdetarde.com\/index.php\/wp-json\/wp\/v2\/users\/6"}],"replies":[{"embeddable":true,"href":"https:\/\/corrientesdetarde.com\/index.php\/wp-json\/wp\/v2\/comments?post=248506"}],"version-history":[{"count":1,"href":"https:\/\/corrientesdetarde.com\/index.php\/wp-json\/wp\/v2\/posts\/248506\/revisions"}],"predecessor-version":[{"id":248512,"href":"https:\/\/corrientesdetarde.com\/index.php\/wp-json\/wp\/v2\/posts\/248506\/revisions\/248512"}],"wp:featuredmedia":[{"embeddable":true,"href":"https:\/\/corrientesdetarde.com\/index.php\/wp-json\/wp\/v2\/media\/248511"}],"wp:attachment":[{"href":"https:\/\/corrientesdetarde.com\/index.php\/wp-json\/wp\/v2\/media?parent=248506"}],"wp:term":[{"taxonomy":"category","embeddable":true,"href":"https:\/\/corrientesdetarde.com\/index.php\/wp-json\/wp\/v2\/categories?post=248506"},{"taxonomy":"post_tag","embeddable":true,"href":"https:\/\/corrientesdetarde.com\/index.php\/wp-json\/wp\/v2\/tags?post=248506"}],"curies":[{"name":"wp","href":"https:\/\/api.w.org\/{rel}","templated":true}]}}