{"id":248508,"date":"2026-03-07T11:00:00","date_gmt":"2026-03-07T14:00:00","guid":{"rendered":"https:\/\/corrientesdetarde.com\/?p=248508"},"modified":"2026-03-07T12:09:01","modified_gmt":"2026-03-07T15:09:01","slug":"valdes-participara-de-argentina-week-en-nueva-york","status":"publish","type":"post","link":"https:\/\/corrientesdetarde.com\/index.php\/politica\/valdes-participara-de-argentina-week-en-nueva-york\/","title":{"rendered":"Vald\u00e9s participar\u00e1 de Argentina Week en Nueva York."},"content":{"rendered":"\n<h2 class=\"wp-block-heading\">El gobernador de Corrientes fue invitado por Canciller\u00eda al encuentro de inversores\u00a0en Estados Unidos. Tambi\u00e9n participar\u00e1 el presidente Javier Milei y referentes del sector financiero internacional.<\/h2>\n\n\n\n<p>El gobernador de Corrientes&nbsp;Juan Pablo Vald\u00e9s, viajar\u00e1 este domingo a New York para participar de la Argentina Week, un encuentro que reunir\u00e1 a autoridades nacionales, empresarios e inversores internacionales.<\/p>\n\n\n\n<p>La participaci\u00f3n del mandatario provincial se da a partir de una invitaci\u00f3n de la Ministerio de Relaciones Exteriores, Comercio Internacional y Culto, en el marco de una agenda que busca promover oportunidades de inversi\u00f3n y&nbsp;<strong>fortalecer los v\u00ednculos econ\u00f3micos entre Argentina y Estados Unidos.<\/strong><\/p>\n\n\n\n<p>Tambi\u00e9n estar\u00e1 presente el presidente Javier Milei, junto a funcionarios nacionales y representantes del sector financiero y empresarial.<\/p>\n","protected":false},"excerpt":{"rendered":"<p>El gobernador de Corrientes fue invitado por Canciller\u00eda al encuentro de inversores\u00a0en Estados Unidos. Tambi\u00e9n participar\u00e1 el presidente Javier Milei y referentes del sector financiero internacional. El gobernador de Corrientes&nbsp;Juan&hellip; <\/p>\n","protected":false},"author":6,"featured_media":248509,"comment_status":"closed","ping_status":"open","sticky":false,"template":"","format":"standard","meta":{"footnotes":""},"categories":[3],"tags":[],"class_list":["post-248508","post","type-post","status-publish","format-standard","has-post-thumbnail","hentry","category-politica"],"_links":{"self":[{"href":"https:\/\/corrientesdetarde.com\/index.php\/wp-json\/wp\/v2\/posts\/248508","targetHints":{"allow":["GET"]}}],"collection":[{"href":"https:\/\/corrientesdetarde.com\/index.php\/wp-json\/wp\/v2\/posts"}],"about":[{"href":"https:\/\/corrientesdetarde.com\/index.php\/wp-json\/wp\/v2\/types\/post"}],"author":[{"embeddable":true,"href":"https:\/\/corrientesdetarde.com\/index.php\/wp-json\/wp\/v2\/users\/6"}],"replies":[{"embeddable":true,"href":"https:\/\/corrientesdetarde.com\/index.php\/wp-json\/wp\/v2\/comments?post=248508"}],"version-history":[{"count":1,"href":"https:\/\/corrientesdetarde.com\/index.php\/wp-json\/wp\/v2\/posts\/248508\/revisions"}],"predecessor-version":[{"id":248510,"href":"https:\/\/corrientesdetarde.com\/index.php\/wp-json\/wp\/v2\/posts\/248508\/revisions\/248510"}],"wp:featuredmedia":[{"embeddable":true,"href":"https:\/\/corrientesdetarde.com\/index.php\/wp-json\/wp\/v2\/media\/248509"}],"wp:attachment":[{"href":"https:\/\/corrientesdetarde.com\/index.php\/wp-json\/wp\/v2\/media?parent=248508"}],"wp:term":[{"taxonomy":"category","embeddable":true,"href":"https:\/\/corrientesdetarde.com\/index.php\/wp-json\/wp\/v2\/categories?post=248508"},{"taxonomy":"post_tag","embeddable":true,"href":"https:\/\/corrientesdetarde.com\/index.php\/wp-json\/wp\/v2\/tags?post=248508"}],"curies":[{"name":"wp","href":"https:\/\/api.w.org\/{rel}","templated":true}]}}