{"id":248514,"date":"2026-03-07T12:00:00","date_gmt":"2026-03-07T15:00:00","guid":{"rendered":"https:\/\/corrientesdetarde.com\/?p=248514"},"modified":"2026-03-07T12:20:51","modified_gmt":"2026-03-07T15:20:51","slug":"chocaron-dos-companeros-del-mismo-equipo-y-forzaron-el-final-de-la-carrera-de-la-f3-en-australia","status":"publish","type":"post","link":"https:\/\/corrientesdetarde.com\/index.php\/deportes\/chocaron-dos-companeros-del-mismo-equipo-y-forzaron-el-final-de-la-carrera-de-la-f3-en-australia\/","title":{"rendered":"Chocaron dos compa\u00f1eros del mismo equipo y forzaron el final de la carrera de la F3 en Australia."},"content":{"rendered":"\n<h2 class=\"wp-block-heading\">James Wharton y Louis Sharp, ambos integrantes del equipo Prema, peleaban por una mejor posici\u00f3n, pero el impacto gener\u00f3 la suspensi\u00f3n de la Sprint Race de la categor\u00eda.<\/h2>\n\n\n\n<p>En la previa a la \u00faltima pr\u00e1ctica de la\u00a0<strong>F\u00f3rmula 1 del Gran Premio de Australia<\/strong>\u00a0se vivi\u00f3 una impactante e ins\u00f3lita situaci\u00f3n en la\u00a0<strong>F\u00f3rmula 3\u00a0<\/strong>por un choque entre dos compa\u00f1eros de equipo.<\/p>\n\n\n\n<p>El australiano&nbsp;<strong>James Wharton&nbsp;<\/strong>y el neozeland\u00e9s&nbsp;<strong>Louis Sharp<\/strong>, pilotos del equipo&nbsp;<strong>Prema<\/strong>, peleaban por una mejor posici\u00f3n en la Sprint Race en el circuito de Albert Park, en Melbourne. Ambos luchaban por el s\u00e9ptimo lugar.<\/p>\n\n\n\n<p>Primero se tocaron en una recta,&nbsp;<strong>donde Wharton dej\u00f3 sin espacio y sin pista a Sharp<\/strong>. Acto seguido, y enojado por la situaci\u00f3n,&nbsp;<strong>Sharp aceler\u00f3 en la curva y termin\u00f3 llevando a su compa\u00f1ero \u2014y a \u00e9l mismo\u2014 contra uno de los muros en la primera vuelta de la competencia<\/strong>.<\/p>\n\n\n\n<figure class=\"wp-block-image\"><img decoding=\"async\" src=\"https:\/\/tn.com.ar\/resizer\/v2\/tras-el-choque-se-suspendio-la-carrera-foto-f3-B453BGQBIFHEJOX4PTLATNSEOQ.jpg?auth=0a7172bbbb6b7d384085033118e36ca6d0bc217504f7018dcd8cc156501c81a2&amp;width=767\" alt=\"Tras el choque, se suspendi\u00f3 la carrera. (Foto: F3)\"\/><figcaption class=\"wp-element-caption\">Tras el choque, se suspendi\u00f3 la carrera. (Foto: F3)<\/figcaption><\/figure>\n\n\n\n<p>\u201c<strong>Amigo, \u00bfqu\u00e9 car****?<\/strong>\u201d, exclam\u00f3 Wharton en primer t\u00e9rmino, mientras que su compa\u00f1ero neozeland\u00e9s reclam\u00f3: \u201c<strong>Amigo, \u00a1este tipo es un p*** idiota!<\/strong>\u201d<\/p>\n\n\n\n<p><strong>De inmediato se mostr\u00f3 la bandera roja para reparar los da\u00f1os en el circuito<\/strong>, pero no hubo manera, por lo que se decidi\u00f3 no reanudar la carrera (luego de siete vueltas) y se le dio por ganada la Sprint Race al espa\u00f1ol&nbsp;<strong>Bruno del Pino<\/strong>.<\/p>\n\n\n\n<p>El choque fue tan fuerte que oblig\u00f3 a demorar el inicio de la tercera sesi\u00f3n de pr\u00e1cticas libres de la F1.<\/p>\n\n\n\n<p>El argentino&nbsp;<strong>Mattia Colnaghi<\/strong>&nbsp;comenz\u00f3 en el 7\u00b0 pero el incidente en la s\u00e9ptima vuelta \u2014justamente mientras peleaba con los pilotos de Prema\u2014&nbsp;<strong>lo releg\u00f3 al \u00faltimo lugar<\/strong>.<\/p>\n","protected":false},"excerpt":{"rendered":"<p>James Wharton y Louis Sharp, ambos integrantes del equipo Prema, peleaban por una mejor posici\u00f3n, pero el impacto gener\u00f3 la suspensi\u00f3n de la Sprint Race de la categor\u00eda. En la&hellip; <\/p>\n","protected":false},"author":6,"featured_media":248517,"comment_status":"closed","ping_status":"open","sticky":false,"template":"","format":"standard","meta":{"footnotes":""},"categories":[4],"tags":[],"class_list":["post-248514","post","type-post","status-publish","format-standard","has-post-thumbnail","hentry","category-deportes"],"_links":{"self":[{"href":"https:\/\/corrientesdetarde.com\/index.php\/wp-json\/wp\/v2\/posts\/248514","targetHints":{"allow":["GET"]}}],"collection":[{"href":"https:\/\/corrientesdetarde.com\/index.php\/wp-json\/wp\/v2\/posts"}],"about":[{"href":"https:\/\/corrientesdetarde.com\/index.php\/wp-json\/wp\/v2\/types\/post"}],"author":[{"embeddable":true,"href":"https:\/\/corrientesdetarde.com\/index.php\/wp-json\/wp\/v2\/users\/6"}],"replies":[{"embeddable":true,"href":"https:\/\/corrientesdetarde.com\/index.php\/wp-json\/wp\/v2\/comments?post=248514"}],"version-history":[{"count":1,"href":"https:\/\/corrientesdetarde.com\/index.php\/wp-json\/wp\/v2\/posts\/248514\/revisions"}],"predecessor-version":[{"id":248518,"href":"https:\/\/corrientesdetarde.com\/index.php\/wp-json\/wp\/v2\/posts\/248514\/revisions\/248518"}],"wp:featuredmedia":[{"embeddable":true,"href":"https:\/\/corrientesdetarde.com\/index.php\/wp-json\/wp\/v2\/media\/248517"}],"wp:attachment":[{"href":"https:\/\/corrientesdetarde.com\/index.php\/wp-json\/wp\/v2\/media?parent=248514"}],"wp:term":[{"taxonomy":"category","embeddable":true,"href":"https:\/\/corrientesdetarde.com\/index.php\/wp-json\/wp\/v2\/categories?post=248514"},{"taxonomy":"post_tag","embeddable":true,"href":"https:\/\/corrientesdetarde.com\/index.php\/wp-json\/wp\/v2\/tags?post=248514"}],"curies":[{"name":"wp","href":"https:\/\/api.w.org\/{rel}","templated":true}]}}