{"id":248515,"date":"2026-03-07T12:00:00","date_gmt":"2026-03-07T15:00:00","guid":{"rendered":"https:\/\/corrientesdetarde.com\/?p=248515"},"modified":"2026-03-07T12:21:45","modified_gmt":"2026-03-07T15:21:45","slug":"nicolas-varrone-debuto-en-la-formula-2","status":"publish","type":"post","link":"https:\/\/corrientesdetarde.com\/index.php\/deportes\/nicolas-varrone-debuto-en-la-formula-2\/","title":{"rendered":"Nicol\u00e1s Varrone debut\u00f3 en la F\u00f3rmula 2."},"content":{"rendered":"\n<h2 class=\"wp-block-heading\">El piloto argentino finaliz\u00f3 en el puesto 21 en la carrera Sprint del Gran Premio de Australia luego de un trompo en la primera vuelta.<\/h2>\n\n\n\n<p>El circuito de\u00a0<strong>Albert Park en Melbourne<\/strong>\u00a0recibi\u00f3 a tres argentinos este fin de semana con el desembarco de la F\u00f3rmula 1 y sus categor\u00edas teloneras. En la\u00a0<strong>F\u00f3rmula 2<\/strong>, se produjo el debut de\u00a0<strong>Nicol\u00e1s Varrone<\/strong>, nuevo miembro del equipo Van Amersfoort Racing.<\/p>\n\n\n\n<p>El argentino de 25 a\u00f1os particip\u00f3 en un momento que no olvidar\u00e1 facilmente: su estreno en la antesala a la<strong>&nbsp;F\u00f3rmula 1.<\/strong>&nbsp;Varrone concret\u00f3 su primera carrera en F2 bajo la modalidad Sprint<strong>&nbsp;y termin\u00f3 en el puesto 21 luego de 23 giros.<\/strong><\/p>\n\n\n\n<p>El argentino tuvo una buena largada.En los primeros metros logr\u00f3 avanzar dos posiciones respecto de su lugar de partida y parec\u00eda acomodarse en el pelot\u00f3n.<\/p>\n\n\n\n<p>Sin embargo<strong>, sobre el cierre del primer giro lleg\u00f3 el incidente que cambi\u00f3 su carrera.<\/strong>&nbsp;En la pen\u00faltima curva del circuito perdi\u00f3 el control del monoplaza<strong>, hizo un trompo&nbsp;<\/strong>y termin\u00f3 fuera de pista, lo que lo releg\u00f3 al fondo del grupo.<\/p>\n\n\n\n<figure class=\"wp-block-image\"><img decoding=\"async\" src=\"https:\/\/tn.com.ar\/resizer\/v2\/foto-igvanamersfoortracing-MYQNT77SCFCUFNI2HLMLGPN4VA.jpg?auth=0f1458612110ce49687041372441e09220a4f1ad7ed5d9c630f0fb10a7f559f7&amp;width=767\" alt=\"(foto: ig\/vanamersfoortracing)\"\/><figcaption class=\"wp-element-caption\">(foto: ig\/vanamersfoortracing)<\/figcaption><\/figure>\n\n\n\n<p>A partir de ese momento la prueba se convirti\u00f3 en un intento de recuperaci\u00f3n, aunque el ritmo de la competencia y la diferencia con los autos de adelante hicieron imposible acercarse a la zona de puntos.<\/p>\n\n\n\n<p>La prueba qued\u00f3 en poder del paraguayo&nbsp;<strong>Joshua Duerksen<\/strong>&nbsp;(Invicta Racing), quien fue escoltado por el mexicano&nbsp;<strong>Noel Le\u00f3n<\/strong>&nbsp;(Campos Racing) y el irland\u00e9s&nbsp;<strong>Alex Dunne<\/strong>&nbsp;(Rodin Motorsport), compa\u00f1ero de Franco Colapinto en Alpine.<\/p>\n\n\n\n<p>Este s\u00e1bado, desde las 21:15, la F2 desarrollar\u00e1 su prueba principal en Australia sobre una distancia programada a 33 vueltas.<\/p>\n","protected":false},"excerpt":{"rendered":"<p>El piloto argentino finaliz\u00f3 en el puesto 21 en la carrera Sprint del Gran Premio de Australia luego de un trompo en la primera vuelta. El circuito de\u00a0Albert Park en&hellip; <\/p>\n","protected":false},"author":6,"featured_media":248519,"comment_status":"closed","ping_status":"open","sticky":false,"template":"","format":"standard","meta":{"footnotes":""},"categories":[4],"tags":[],"class_list":["post-248515","post","type-post","status-publish","format-standard","has-post-thumbnail","hentry","category-deportes"],"_links":{"self":[{"href":"https:\/\/corrientesdetarde.com\/index.php\/wp-json\/wp\/v2\/posts\/248515","targetHints":{"allow":["GET"]}}],"collection":[{"href":"https:\/\/corrientesdetarde.com\/index.php\/wp-json\/wp\/v2\/posts"}],"about":[{"href":"https:\/\/corrientesdetarde.com\/index.php\/wp-json\/wp\/v2\/types\/post"}],"author":[{"embeddable":true,"href":"https:\/\/corrientesdetarde.com\/index.php\/wp-json\/wp\/v2\/users\/6"}],"replies":[{"embeddable":true,"href":"https:\/\/corrientesdetarde.com\/index.php\/wp-json\/wp\/v2\/comments?post=248515"}],"version-history":[{"count":1,"href":"https:\/\/corrientesdetarde.com\/index.php\/wp-json\/wp\/v2\/posts\/248515\/revisions"}],"predecessor-version":[{"id":248520,"href":"https:\/\/corrientesdetarde.com\/index.php\/wp-json\/wp\/v2\/posts\/248515\/revisions\/248520"}],"wp:featuredmedia":[{"embeddable":true,"href":"https:\/\/corrientesdetarde.com\/index.php\/wp-json\/wp\/v2\/media\/248519"}],"wp:attachment":[{"href":"https:\/\/corrientesdetarde.com\/index.php\/wp-json\/wp\/v2\/media?parent=248515"}],"wp:term":[{"taxonomy":"category","embeddable":true,"href":"https:\/\/corrientesdetarde.com\/index.php\/wp-json\/wp\/v2\/categories?post=248515"},{"taxonomy":"post_tag","embeddable":true,"href":"https:\/\/corrientesdetarde.com\/index.php\/wp-json\/wp\/v2\/tags?post=248515"}],"curies":[{"name":"wp","href":"https:\/\/api.w.org\/{rel}","templated":true}]}}