{"id":24852,"date":"2022-12-03T11:10:10","date_gmt":"2022-12-03T14:10:10","guid":{"rendered":"https:\/\/corrientesdetarde.com\/?p=24852"},"modified":"2022-12-03T11:10:13","modified_gmt":"2022-12-03T14:10:13","slug":"investigan-la-muerte-de-un-joven-en-una-localidad-correntina","status":"publish","type":"post","link":"https:\/\/corrientesdetarde.com\/index.php\/crimen-y-justicia\/investigan-la-muerte-de-un-joven-en-una-localidad-correntina\/","title":{"rendered":"Investigan la muerte de un joven en una localidad correntina"},"content":{"rendered":"\n<p>La v\u00edctima ten\u00eda 25 a\u00f1os.\u00a0<\/p>\n\n\n\n<p>La Polic\u00eda inform\u00f3 este s\u00e1bado que se encuentra&nbsp;investigando la muerte de un joven en donde se encuentran involucrados otras cuatro personas y un arma blanca.<\/p>\n\n\n\n<p>El presunto homicidio ocurri\u00f3 durante la madrugada del s\u00e1bado en la localidad de Juan Pujol&nbsp; en una cortada detr\u00e1s de las calles Luis Zamora e Ignacio Mendiburu.<\/p>\n\n\n\n<p>Seg\u00fan las primeras diligencias realizadas por los investigadores, el incidente ocurri\u00f3 cuando un grupo de personas se encontraba compartiendo bebidas y por motivos que se desconocen se dio inicio a un altercado que dio&nbsp;&nbsp;<strong>como resultado que uno de los j\u00f3venes de alias &#8221; Beco&#8221; de 25 a\u00f1os de edad terminara herido de forma fatal.&nbsp;<\/strong><\/p>\n\n\n\n<p>Al respecto,&nbsp;<strong>se encuentran detenidos&nbsp;cuatro sujetos de 19, 26 y dos de 25 a\u00f1os de edad<\/strong>,&nbsp; quienes se encuentran&nbsp;vinculados al hecho, adem\u00e1s secuestraron un arma blanca&nbsp;&nbsp;y palos que son de inter\u00e9s para la causa.&nbsp;<\/p>\n\n\n\n<p>Los sujetos y lo secuestrado fueron puestos a disposici\u00f3n de la Unidad Fiscal en turno<\/p>\n","protected":false},"excerpt":{"rendered":"<p>La v\u00edctima ten\u00eda 25 a\u00f1os.\u00a0 La Polic\u00eda inform\u00f3 este s\u00e1bado que se encuentra&nbsp;investigando la muerte de un joven en donde se encuentran involucrados otras cuatro personas y un arma blanca.&hellip; <\/p>\n","protected":false},"author":3,"featured_media":24853,"comment_status":"closed","ping_status":"open","sticky":false,"template":"","format":"standard","meta":{"footnotes":""},"categories":[5],"tags":[],"class_list":["post-24852","post","type-post","status-publish","format-standard","has-post-thumbnail","hentry","category-crimen-y-justicia"],"_links":{"self":[{"href":"https:\/\/corrientesdetarde.com\/index.php\/wp-json\/wp\/v2\/posts\/24852","targetHints":{"allow":["GET"]}}],"collection":[{"href":"https:\/\/corrientesdetarde.com\/index.php\/wp-json\/wp\/v2\/posts"}],"about":[{"href":"https:\/\/corrientesdetarde.com\/index.php\/wp-json\/wp\/v2\/types\/post"}],"author":[{"embeddable":true,"href":"https:\/\/corrientesdetarde.com\/index.php\/wp-json\/wp\/v2\/users\/3"}],"replies":[{"embeddable":true,"href":"https:\/\/corrientesdetarde.com\/index.php\/wp-json\/wp\/v2\/comments?post=24852"}],"version-history":[{"count":1,"href":"https:\/\/corrientesdetarde.com\/index.php\/wp-json\/wp\/v2\/posts\/24852\/revisions"}],"predecessor-version":[{"id":24854,"href":"https:\/\/corrientesdetarde.com\/index.php\/wp-json\/wp\/v2\/posts\/24852\/revisions\/24854"}],"wp:featuredmedia":[{"embeddable":true,"href":"https:\/\/corrientesdetarde.com\/index.php\/wp-json\/wp\/v2\/media\/24853"}],"wp:attachment":[{"href":"https:\/\/corrientesdetarde.com\/index.php\/wp-json\/wp\/v2\/media?parent=24852"}],"wp:term":[{"taxonomy":"category","embeddable":true,"href":"https:\/\/corrientesdetarde.com\/index.php\/wp-json\/wp\/v2\/categories?post=24852"},{"taxonomy":"post_tag","embeddable":true,"href":"https:\/\/corrientesdetarde.com\/index.php\/wp-json\/wp\/v2\/tags?post=24852"}],"curies":[{"name":"wp","href":"https:\/\/api.w.org\/{rel}","templated":true}]}}