{"id":248524,"date":"2026-03-07T12:00:00","date_gmt":"2026-03-07T15:00:00","guid":{"rendered":"https:\/\/corrientesdetarde.com\/?p=248524"},"modified":"2026-03-07T12:32:13","modified_gmt":"2026-03-07T15:32:13","slug":"demoraron-a-un-menor-por-robar-dinero-y-jabones-de-una-farmacia","status":"publish","type":"post","link":"https:\/\/corrientesdetarde.com\/index.php\/policiales\/demoraron-a-un-menor-por-robar-dinero-y-jabones-de-una-farmacia\/","title":{"rendered":"Demoraron a un menor por robar dinero y jabones de una farmacia."},"content":{"rendered":"\n<h2 class=\"wp-block-heading\">Efectivos policiales del Destacamento San Marcos demoraron a un menor de edad de 17 a\u00f1os de edad y secuestraron dinero en efectivo y varios jabones que hab\u00eda robado minutos antes en una farmacia ubicada por avenida 3 de Abril.<\/h2>\n\n\n\n<p>El procedimiento se llev\u00f3 a cabo en la madrugada de hoy 07-03-26, alrededor de las 03:30 horas, cuando personal policial que realizaba recorridas en prevenci\u00f3n fueron alertados por el Sistema Integral de Seguridad 911 sobre un sujeto que habr\u00eda ingresado a sustraer dinero en efectivo de una farmacia ubicada por Av. 3 de Abril, aport\u00e1ndose adem\u00e1s caracter\u00edsticas f\u00edsicas y que se movilizar\u00eda en una bicicleta tipo GT rodado 20.<\/p>\n\n\n\n<p>Ante ello, los uniformados realizaron recorridas por la zona, logrando en inmediaciones de calles Merceditas de San Mart\u00edn y Pasaje 160 localizar a un joven con caracter\u00edsticas coincidentes, quien se desplazaba en una bicicleta de similares caracter\u00edsticas. Por tal motivo se procedi\u00f3 a su demora preventiva y al secuestro del rodado.<\/p>\n\n\n\n<p>En ese marco, hallaron entre sus pertenencias que transportaba, una bolsa de consorcio que conten\u00eda $181.910 en efectivo, un billete extranjero y seis paquetes de jab\u00f3n de tocador de distintas marcas, elementos que en principio guardar\u00edan relaci\u00f3n con el hecho investigado.<\/p>\n\n\n\n<p>El menor junto a lo secuestrado fueron puestos a disposici\u00f3n de la autoridad fiscal en turno, siendo trasladado a la Comisar\u00eda Primera por razones de jurisdicci\u00f3n, a fin de continuar con las diligencias de rigor que corresponden<\/p>\n","protected":false},"excerpt":{"rendered":"<p>Efectivos policiales del Destacamento San Marcos demoraron a un menor de edad de 17 a\u00f1os de edad y secuestraron dinero en efectivo y varios jabones que hab\u00eda robado minutos antes&hellip; <\/p>\n","protected":false},"author":6,"featured_media":248528,"comment_status":"closed","ping_status":"open","sticky":false,"template":"","format":"standard","meta":{"footnotes":""},"categories":[33],"tags":[],"class_list":["post-248524","post","type-post","status-publish","format-standard","has-post-thumbnail","hentry","category-policiales"],"_links":{"self":[{"href":"https:\/\/corrientesdetarde.com\/index.php\/wp-json\/wp\/v2\/posts\/248524","targetHints":{"allow":["GET"]}}],"collection":[{"href":"https:\/\/corrientesdetarde.com\/index.php\/wp-json\/wp\/v2\/posts"}],"about":[{"href":"https:\/\/corrientesdetarde.com\/index.php\/wp-json\/wp\/v2\/types\/post"}],"author":[{"embeddable":true,"href":"https:\/\/corrientesdetarde.com\/index.php\/wp-json\/wp\/v2\/users\/6"}],"replies":[{"embeddable":true,"href":"https:\/\/corrientesdetarde.com\/index.php\/wp-json\/wp\/v2\/comments?post=248524"}],"version-history":[{"count":2,"href":"https:\/\/corrientesdetarde.com\/index.php\/wp-json\/wp\/v2\/posts\/248524\/revisions"}],"predecessor-version":[{"id":248530,"href":"https:\/\/corrientesdetarde.com\/index.php\/wp-json\/wp\/v2\/posts\/248524\/revisions\/248530"}],"wp:featuredmedia":[{"embeddable":true,"href":"https:\/\/corrientesdetarde.com\/index.php\/wp-json\/wp\/v2\/media\/248528"}],"wp:attachment":[{"href":"https:\/\/corrientesdetarde.com\/index.php\/wp-json\/wp\/v2\/media?parent=248524"}],"wp:term":[{"taxonomy":"category","embeddable":true,"href":"https:\/\/corrientesdetarde.com\/index.php\/wp-json\/wp\/v2\/categories?post=248524"},{"taxonomy":"post_tag","embeddable":true,"href":"https:\/\/corrientesdetarde.com\/index.php\/wp-json\/wp\/v2\/tags?post=248524"}],"curies":[{"name":"wp","href":"https:\/\/api.w.org\/{rel}","templated":true}]}}