{"id":24856,"date":"2022-12-03T18:51:29","date_gmt":"2022-12-03T21:51:29","guid":{"rendered":"https:\/\/corrientesdetarde.com\/?p=24856"},"modified":"2022-12-03T18:51:32","modified_gmt":"2022-12-03T21:51:32","slug":"diciembre-sera-un-mes-a-puro-chamame-y-con-tributos-a-las-orquestas-provinciales","status":"publish","type":"post","link":"https:\/\/corrientesdetarde.com\/index.php\/cultura\/diciembre-sera-un-mes-a-puro-chamame-y-con-tributos-a-las-orquestas-provinciales\/","title":{"rendered":"Diciembre ser\u00e1 un mes a puro chamam\u00e9 y con tributos a las orquestas provinciales"},"content":{"rendered":"\n<p>El Gobierno de la Provincia a trav\u00e9s del Instituto de Cultura de Corrientes, realizar\u00e1 este lunes 5 de diciembre a las 19 horas, en el patio de Casa de Gobierno, la presentaci\u00f3n oficial de la 32\u00aa Fiesta Nacional del Chamam\u00e9, 18\u00aa Fiesta del MERCOSUR y 2\u00aa Celebraci\u00f3n Mundial. Con este evento dar\u00e1 inicio un mes cargado de actividades culturales vinculadas a la celebraci\u00f3n popular de enero y se festejar\u00e1 adem\u00e1s los 50 a\u00f1os de la Orquesta Folcl\u00f3rica y de la Orquesta Sinf\u00f3nica.<\/p>\n\n\n\n<p>El acto oficial del lunes ser\u00e1 encabezado por el gobernador Gustavo Vald\u00e9s, y los encargados de brindar detalles de la pr\u00f3xima edici\u00f3n de la mayor celebraci\u00f3n popular de los correntinos, ser\u00e1n el presidente del Instituto de Cultura, Gabriel Romero; y el director general de la Fiesta Nacional del Chamam\u00e9, Eduardo S\u00edvori. El lanzamiento contar\u00e1 con la presencia de las m\u00e1ximas autoridades provinciales, invitados especiales y un importante n\u00famero de funcionarios municipales, en representaci\u00f3n de las comunas que formar\u00e1n parte de la Fiesta grande con distintas propuestas y actividades.<\/p>\n\n\n\n<p>Adem\u00e1s de brindarse detalles de la 32\u00aa Fiesta Nacional del Chamam\u00e9, que se desarrollar\u00e1 del 13 al 24 de enero de 2023, se proyectar\u00e1 el Trailer Oficial que sintetiza a trav\u00e9s de im\u00e1genes el lema de la pr\u00f3xima edici\u00f3n: &#8220;Chamam\u00e9 para un mundo nuevo&#8221;. Y para el cierre de la presentaci\u00f3n, el patio de Casa de Gobierno se transformar\u00e1 en el escenario de una gran bailanta chamamecera con la m\u00fasica del grupo Irundy, parejas de baile de las comunas presentes y la degustaci\u00f3n de distintos platos t\u00edpicos.<\/p>\n\n\n\n<p><strong>Diciembre chamamecero<\/strong><\/p>\n\n\n\n<p>Durante todo diciembre se llevar\u00e1n adelante distintas actividades vinculadas a la 32\u00aa Fiesta Nacional del Chamam\u00e9. El mi\u00e9rcoles 7 de diciembre a las 11, en el Instituto de Cultura de Corrientes, se realizar\u00e1 una conferencia de prensa para brindar detalles de la&nbsp;Muestra Colectiva&nbsp;&#8220;Chamam\u00e9 para un mundo nuevo&#8221;, a inaugurarse el 11 de enero a las 20 horas, en el Museo de Bellas Artes de esta Capital.<\/p>\n\n\n\n<p>Ese mismo d\u00eda, a partir de las 17, tendr\u00e1 lugar en el Teatro Oficial Juan de Vera la&nbsp;audici\u00f3n&nbsp;para formar parte delBallet Oficial de la Fiesta Nacional del Chamam\u00e9, que estar\u00e1 a cargo de su director, el core\u00f3grafo Luis Marinoni. Del selectivo quedar\u00e1n 44 bailarines que, de inmediato, iniciar\u00e1n los ensayos para las presentaciones de enero.<\/p>\n\n\n\n<p>Desde este domingo 4 al viernes 9 de diciembre, se llevar\u00e1n adelante en la Costanera Sur, los ensayos para una&nbsp;coreograf\u00eda multitudinaria de chamam\u00e9, que contar\u00e1 con la participaci\u00f3n de m\u00e1s de 500 correntinos. En este caso, coordinado por el core\u00f3grafo Matias Pedemonte.<\/p>\n\n\n\n<p>Adem\u00e1s, la&nbsp;Gran Final de los cert\u00e1menes Pre Fiesta del Chamam\u00e9&nbsp;se desarrollar\u00e1 el jueves 8 y viernes 9 de diciembre en la ex Unidad Penal N\u00ba1, en el marco de la Fiesta de la Unidad. La primera jornada dar\u00e1 inicio a las 19 horas, con el selectivo de la vertiente danza, y la actuaci\u00f3n de Amanday\u00e9; mientras que el segundo d\u00eda ser\u00e1 el turno de la vertiente m\u00fasica y cerrar\u00e1 con la actuaci\u00f3n de La Pilarcita.<\/p>\n\n\n\n<p>Se est\u00e1 preparando tambi\u00e9n una gran&nbsp;celebraci\u00f3n por el segundo aniversario de la incorporaci\u00f3n del Chamam\u00e9 a la lista representativa de Patrimonio Cultural Inmaterial de la Humanidad. Este festejo, a llevarse a cabo el 16 de diciembre, tiene previsto: desfile de fuelles, baile de chamam\u00e9 del p\u00fablico y academias, la presentaci\u00f3n de una serie audiovisual y el cierre oficial de la Diplomatura de Chamam\u00e9.<\/p>\n\n\n\n<p><strong>50 a\u00f1os de las orquestas<\/strong><\/p>\n\n\n\n<p>El Gobierno de Corrientes a trav\u00e9s del Instituto de Cultura, junto al pueblo correntino, rendir\u00e1&nbsp;tributo a la Orquesta Folcl\u00f3rica de la Provincia, por cumplirse 50 a\u00f1os de su creaci\u00f3n. Este acto de reconocimiento se har\u00e1 el martes 6 de diciembre, desde las 21, en las escalinatas del Teatro Vera.<\/p>\n\n\n\n<p>Adem\u00e1s de un concierto especialmente preparado para la ocasi\u00f3n, que incluir\u00e1 un repertorio de temas actuales y otros que interpret\u00f3 la formaci\u00f3n fundacional, se entregar\u00e1n distinciones a quienes dirigieron la orquesta a lo largo de los a\u00f1os y diplomas a los m\u00fasicos que integraron sus filas en los inicios.<\/p>\n\n\n\n<p>Asimismo se est\u00e1 alistando una&nbsp;celebraci\u00f3n especial por los 50 a\u00f1os de la Orquesta Sinf\u00f3nica de la Provincia. En este caso, programada para el 21 de diciembre a las 21 horas, frente al coliseo correntino.<\/p>\n\n\n\n<p>Cabe recordar que, a trav\u00e9s de la firma de un Decreto, la Orquesta de C\u00e1mara fundada en 1964 por el Mtro. Horlando de Biasi, se transform\u00f3 en 1972 en la Orquesta Sinf\u00f3nica de Corrientes. En la actualidad es dirigida por la maestra Andrea Fusco.<\/p>\n\n\n\n<p><\/p>\n\n\n\n<figure class=\"wp-block-image size-large\"><img loading=\"lazy\" decoding=\"async\" width=\"1024\" height=\"1024\" src=\"https:\/\/corrientesdetarde.com\/wp-content\/uploads\/2022\/12\/464b852891c60e5fcbbe2f29c8e47f63d4b97c48-1024x1024.jpg\" alt=\"\" class=\"wp-image-24858\" srcset=\"https:\/\/corrientesdetarde.com\/wp-content\/uploads\/2022\/12\/464b852891c60e5fcbbe2f29c8e47f63d4b97c48-1024x1024.jpg 1024w, https:\/\/corrientesdetarde.com\/wp-content\/uploads\/2022\/12\/464b852891c60e5fcbbe2f29c8e47f63d4b97c48-300x300.jpg 300w, https:\/\/corrientesdetarde.com\/wp-content\/uploads\/2022\/12\/464b852891c60e5fcbbe2f29c8e47f63d4b97c48-150x150.jpg 150w, https:\/\/corrientesdetarde.com\/wp-content\/uploads\/2022\/12\/464b852891c60e5fcbbe2f29c8e47f63d4b97c48-768x768.jpg 768w, https:\/\/corrientesdetarde.com\/wp-content\/uploads\/2022\/12\/464b852891c60e5fcbbe2f29c8e47f63d4b97c48-375x375.jpg 375w, https:\/\/corrientesdetarde.com\/wp-content\/uploads\/2022\/12\/464b852891c60e5fcbbe2f29c8e47f63d4b97c48.jpg 1280w\" sizes=\"auto, (max-width: 1024px) 100vw, 1024px\" \/><\/figure>\n\n\n\n<p><\/p>\n","protected":false},"excerpt":{"rendered":"<p>El Gobierno de la Provincia a trav\u00e9s del Instituto de Cultura de Corrientes, realizar\u00e1 este lunes 5 de diciembre a las 19 horas, en el patio de Casa de Gobierno,&hellip; <\/p>\n","protected":false},"author":1,"featured_media":24860,"comment_status":"closed","ping_status":"open","sticky":false,"template":"","format":"standard","meta":{"footnotes":""},"categories":[15],"tags":[],"class_list":["post-24856","post","type-post","status-publish","format-standard","has-post-thumbnail","hentry","category-cultura"],"_links":{"self":[{"href":"https:\/\/corrientesdetarde.com\/index.php\/wp-json\/wp\/v2\/posts\/24856","targetHints":{"allow":["GET"]}}],"collection":[{"href":"https:\/\/corrientesdetarde.com\/index.php\/wp-json\/wp\/v2\/posts"}],"about":[{"href":"https:\/\/corrientesdetarde.com\/index.php\/wp-json\/wp\/v2\/types\/post"}],"author":[{"embeddable":true,"href":"https:\/\/corrientesdetarde.com\/index.php\/wp-json\/wp\/v2\/users\/1"}],"replies":[{"embeddable":true,"href":"https:\/\/corrientesdetarde.com\/index.php\/wp-json\/wp\/v2\/comments?post=24856"}],"version-history":[{"count":1,"href":"https:\/\/corrientesdetarde.com\/index.php\/wp-json\/wp\/v2\/posts\/24856\/revisions"}],"predecessor-version":[{"id":24863,"href":"https:\/\/corrientesdetarde.com\/index.php\/wp-json\/wp\/v2\/posts\/24856\/revisions\/24863"}],"wp:featuredmedia":[{"embeddable":true,"href":"https:\/\/corrientesdetarde.com\/index.php\/wp-json\/wp\/v2\/media\/24860"}],"wp:attachment":[{"href":"https:\/\/corrientesdetarde.com\/index.php\/wp-json\/wp\/v2\/media?parent=24856"}],"wp:term":[{"taxonomy":"category","embeddable":true,"href":"https:\/\/corrientesdetarde.com\/index.php\/wp-json\/wp\/v2\/categories?post=24856"},{"taxonomy":"post_tag","embeddable":true,"href":"https:\/\/corrientesdetarde.com\/index.php\/wp-json\/wp\/v2\/tags?post=24856"}],"curies":[{"name":"wp","href":"https:\/\/api.w.org\/{rel}","templated":true}]}}