{"id":248612,"date":"2026-03-09T09:17:40","date_gmt":"2026-03-09T12:17:40","guid":{"rendered":"https:\/\/corrientesdetarde.com\/?p=248612"},"modified":"2026-03-09T09:17:45","modified_gmt":"2026-03-09T12:17:45","slug":"hoy-9-de-marzo-se-celebra-el-dia-del-nino-correntino","status":"publish","type":"post","link":"https:\/\/corrientesdetarde.com\/index.php\/eventos\/hoy-9-de-marzo-se-celebra-el-dia-del-nino-correntino\/","title":{"rendered":"Hoy, 9 de marzo se celebra el \u201cD\u00eda del Ni\u00f1o Correntino\u201d"},"content":{"rendered":"\n<p>Este mi\u00e9rcoles 9 de marzo en&nbsp;<strong>Corrientes<\/strong>&nbsp;se celebra \u201c<strong>D\u00eda del Ni\u00f1o Correntino<\/strong>&nbsp;y Tambor de Tacuar\u00ed\u201d. Es al conmemorarse otro aniversario&nbsp;del d\u00eda de la batalla de Tacuar\u00ed donde perdiera la vida Pedro R\u00edos, el&nbsp;<strong>Tamborcito de Tacuar\u00ed<\/strong>. Fue instituido por Ley Provincial N\u00ba 5988, sancionada en 2011.<\/p>\n\n\n\n<p>El ni\u00f1o Pedro R\u00edos naci\u00f3 en 1798 en Yaguaret\u00e9 Cor\u00e1, en lo que hoy se llama Concepci\u00f3n del Yaguaret\u00e9 Cor\u00e1. A fines de 1810 pas\u00f3 por all\u00ed Manuel Belgrano con su reducido ej\u00e9rcito, rumbo al Paraguay.<\/p>\n\n\n\n<p>En el poblado el general recibi\u00f3 la petici\u00f3n del ni\u00f1o de 12 a\u00f1os para sumarse al ej\u00e9rcito, ante la negativa de Belgrano el propio padre de R\u00edos dijo \u201cno s\u00f3lo doy mi consentimiento, sino tambi\u00e9n le ruego que lo acepte, porque yo, con mis 65 a\u00f1os de existencia, soy un hombre anciano, y la entrega de mi hijo es la \u00fanica ofrenda que puedo hacer a la Patria\u201d marcan las rese\u00f1as hist\u00f3ricas.<\/p>\n","protected":false},"excerpt":{"rendered":"<p>Este mi\u00e9rcoles 9 de marzo en&nbsp;Corrientes&nbsp;se celebra \u201cD\u00eda del Ni\u00f1o Correntino&nbsp;y Tambor de Tacuar\u00ed\u201d. Es al conmemorarse otro aniversario&nbsp;del d\u00eda de la batalla de Tacuar\u00ed donde perdiera la vida Pedro&hellip; <\/p>\n","protected":false},"author":1,"featured_media":248619,"comment_status":"closed","ping_status":"open","sticky":false,"template":"","format":"standard","meta":{"footnotes":""},"categories":[22],"tags":[],"class_list":["post-248612","post","type-post","status-publish","format-standard","has-post-thumbnail","hentry","category-eventos"],"_links":{"self":[{"href":"https:\/\/corrientesdetarde.com\/index.php\/wp-json\/wp\/v2\/posts\/248612","targetHints":{"allow":["GET"]}}],"collection":[{"href":"https:\/\/corrientesdetarde.com\/index.php\/wp-json\/wp\/v2\/posts"}],"about":[{"href":"https:\/\/corrientesdetarde.com\/index.php\/wp-json\/wp\/v2\/types\/post"}],"author":[{"embeddable":true,"href":"https:\/\/corrientesdetarde.com\/index.php\/wp-json\/wp\/v2\/users\/1"}],"replies":[{"embeddable":true,"href":"https:\/\/corrientesdetarde.com\/index.php\/wp-json\/wp\/v2\/comments?post=248612"}],"version-history":[{"count":1,"href":"https:\/\/corrientesdetarde.com\/index.php\/wp-json\/wp\/v2\/posts\/248612\/revisions"}],"predecessor-version":[{"id":248620,"href":"https:\/\/corrientesdetarde.com\/index.php\/wp-json\/wp\/v2\/posts\/248612\/revisions\/248620"}],"wp:featuredmedia":[{"embeddable":true,"href":"https:\/\/corrientesdetarde.com\/index.php\/wp-json\/wp\/v2\/media\/248619"}],"wp:attachment":[{"href":"https:\/\/corrientesdetarde.com\/index.php\/wp-json\/wp\/v2\/media?parent=248612"}],"wp:term":[{"taxonomy":"category","embeddable":true,"href":"https:\/\/corrientesdetarde.com\/index.php\/wp-json\/wp\/v2\/categories?post=248612"},{"taxonomy":"post_tag","embeddable":true,"href":"https:\/\/corrientesdetarde.com\/index.php\/wp-json\/wp\/v2\/tags?post=248612"}],"curies":[{"name":"wp","href":"https:\/\/api.w.org\/{rel}","templated":true}]}}