{"id":248613,"date":"2026-03-09T08:27:56","date_gmt":"2026-03-09T11:27:56","guid":{"rendered":"https:\/\/corrientesdetarde.com\/?p=248613"},"modified":"2026-03-09T08:28:03","modified_gmt":"2026-03-09T11:28:03","slug":"entre-rios-murio-una-correntina-tras-un-choque-entre-una-camioneta-y-una-moto","status":"publish","type":"post","link":"https:\/\/corrientesdetarde.com\/index.php\/actualidad\/entre-rios-murio-una-correntina-tras-un-choque-entre-una-camioneta-y-una-moto\/","title":{"rendered":"Entre R\u00edos: Muri\u00f3 una correntina tras un choque entre una camioneta y una moto"},"content":{"rendered":"\n<p>La Polic\u00eda de Entre R\u00edos inform\u00f3 este lunes que una\u00a0<strong>joven correntina de 25 a\u00f1os muri\u00f3 en un accidente de tr\u00e1nsito<\/strong>\u00a0ocurrido durante la madrugada del domingo en la provincia.<\/p>\n\n\n\n<p>El siniestro se registr\u00f3&nbsp;<strong>a la altura del kil\u00f3metro 365,5, en la zona de Nogoy\u00e1, en el departamento de Hern\u00e1ndez<\/strong>, y tuvo como protagonistas a&nbsp;<strong>una camioneta Ford F100 y una motocicleta Brava Altino 150cc<\/strong>.<\/p>\n\n\n\n<p>Seg\u00fan informaron fuentes policiales,&nbsp;<strong>la camioneta era conducida por un hombre de 34 a\u00f1os domiciliado en Hern\u00e1ndez<\/strong>, mientras que&nbsp;<strong>la motocicleta era manejada por un joven de 23 a\u00f1os de la misma localidad<\/strong>, quien viajaba acompa\u00f1ado de una joven.<\/p>\n\n\n\n<p>De acuerdo con los primeros datos,&nbsp;<strong>ambos veh\u00edculos circulaban en el mismo sentido, desde Nogoy\u00e1 hacia Hern\u00e1ndez<\/strong>, cuando&nbsp;<strong>la camioneta impact\u00f3 desde atr\u00e1s a la motocicleta<\/strong>.<\/p>\n\n\n\n<p>Como consecuencia del fuerte choque,&nbsp;<strong>la acompa\u00f1ante de la moto sufri\u00f3 lesiones&nbsp;gravedad y falleci\u00f3 en el lugar<\/strong>. La v\u00edctima fue identificada como&nbsp;<strong>Agustina Rojo, oriunda de la localidad correntina de Bella Vista<\/strong>.<\/p>\n\n\n\n<p>En tanto,&nbsp;<strong>el conductor de la motocicleta fue trasladado al hospital de Hern\u00e1ndez<\/strong>, donde los m\u00e9dicos confirmaron que&nbsp;<strong>no presentaba heridas de gravedad<\/strong>.<\/p>\n\n\n\n<p>Por su parte,&nbsp;<strong>el conductor de la camioneta tampoco result\u00f3 lesionado<\/strong>. Adem\u00e1s,&nbsp;<strong>los controles de alcoholemia realizados a ambos conductores dieron resultado negativo<\/strong>.<\/p>\n\n\n\n<p>Las autoridades contin\u00faan con las actuaciones correspondientes para determinar las circunstancias del hecho.<\/p>\n","protected":false},"excerpt":{"rendered":"<p>La Polic\u00eda de Entre R\u00edos inform\u00f3 este lunes que una\u00a0joven correntina de 25 a\u00f1os muri\u00f3 en un accidente de tr\u00e1nsito\u00a0ocurrido durante la madrugada del domingo en la provincia. El siniestro&hellip; <\/p>\n","protected":false},"author":1,"featured_media":248617,"comment_status":"closed","ping_status":"open","sticky":false,"template":"","format":"standard","meta":{"footnotes":""},"categories":[23],"tags":[],"class_list":["post-248613","post","type-post","status-publish","format-standard","has-post-thumbnail","hentry","category-actualidad"],"_links":{"self":[{"href":"https:\/\/corrientesdetarde.com\/index.php\/wp-json\/wp\/v2\/posts\/248613","targetHints":{"allow":["GET"]}}],"collection":[{"href":"https:\/\/corrientesdetarde.com\/index.php\/wp-json\/wp\/v2\/posts"}],"about":[{"href":"https:\/\/corrientesdetarde.com\/index.php\/wp-json\/wp\/v2\/types\/post"}],"author":[{"embeddable":true,"href":"https:\/\/corrientesdetarde.com\/index.php\/wp-json\/wp\/v2\/users\/1"}],"replies":[{"embeddable":true,"href":"https:\/\/corrientesdetarde.com\/index.php\/wp-json\/wp\/v2\/comments?post=248613"}],"version-history":[{"count":1,"href":"https:\/\/corrientesdetarde.com\/index.php\/wp-json\/wp\/v2\/posts\/248613\/revisions"}],"predecessor-version":[{"id":248618,"href":"https:\/\/corrientesdetarde.com\/index.php\/wp-json\/wp\/v2\/posts\/248613\/revisions\/248618"}],"wp:featuredmedia":[{"embeddable":true,"href":"https:\/\/corrientesdetarde.com\/index.php\/wp-json\/wp\/v2\/media\/248617"}],"wp:attachment":[{"href":"https:\/\/corrientesdetarde.com\/index.php\/wp-json\/wp\/v2\/media?parent=248613"}],"wp:term":[{"taxonomy":"category","embeddable":true,"href":"https:\/\/corrientesdetarde.com\/index.php\/wp-json\/wp\/v2\/categories?post=248613"},{"taxonomy":"post_tag","embeddable":true,"href":"https:\/\/corrientesdetarde.com\/index.php\/wp-json\/wp\/v2\/tags?post=248613"}],"curies":[{"name":"wp","href":"https:\/\/api.w.org\/{rel}","templated":true}]}}