{"id":248622,"date":"2026-03-09T09:29:43","date_gmt":"2026-03-09T12:29:43","guid":{"rendered":"https:\/\/corrientesdetarde.com\/?p=248622"},"modified":"2026-03-09T09:29:50","modified_gmt":"2026-03-09T12:29:50","slug":"resistencia-un-hombre-fue-asesinado-de-un-disparo","status":"publish","type":"post","link":"https:\/\/corrientesdetarde.com\/index.php\/destacados\/resistencia-un-hombre-fue-asesinado-de-un-disparo\/","title":{"rendered":"Resistencia: un hombre fue asesinado de un disparo"},"content":{"rendered":"\n<p>Un hombre de 41 a\u00f1os fue asesinado este domingo en la ciudad de Resistencia luego de que un grupo de personas efectuara varios disparos en su contra en la v\u00eda p\u00fablica.<\/p>\n\n\n\n<p>El hecho ocurri\u00f3 sobre la avenida Lynch Arrib\u00e1lzaga al 3500. La Polic\u00eda del Chaco tom\u00f3 conocimiento del caso tras un llamado al Sistema de Emergencias 911 que alertaba sobre una persona herida por arma de fuego.<\/p>\n\n\n\n<p>Al arribar al lugar, efectivos de la Comisar\u00eda Quinta Metropolitana constataron que un hombre se encontraba gravemente herido y tendido en el suelo.<\/p>\n\n\n\n<p>Una mujer de 49 a\u00f1os, pareja de la v\u00edctima, relat\u00f3 a los uniformados que momentos antes un grupo de aproximadamente seis hombres que caminaba por la zona comenz\u00f3 a disparar contra \u00e9l, provoc\u00e1ndole heridas de gravedad.<\/p>\n\n\n\n<p>En ese contexto, una ambulancia lleg\u00f3 hasta el sitio algunos minutos despu\u00e9s; sin embargo, el m\u00e9dico que viajaba a bordo de la unidad examin\u00f3 al hombre y confirm\u00f3 que no presentaba signos vitales. Asimismo, el m\u00e9dico del \u00e1rea de Medicina Legal determin\u00f3 que el cuerpo presentaba cinco impactos de bala.<\/p>\n\n\n\n<p>Luego del tr\u00e1gico desenlace, en el lugar trabajaron autoridades policiales y judiciales, adem\u00e1s del ayudante del fiscal en turno y el personal de Investigaciones. Tras el examen del m\u00e9dico policial, se orden\u00f3 que el cuerpo sea trasladado al Instituto de Medicina y Ciencias Forenses para la autopsia.<\/p>\n\n\n\n<p>Por otra parte, alrededor de las 4.15, y luego de las primeras investigaciones, los uniformados procedieron a la detenci\u00f3n de unos&nbsp;<strong>cinco sujetos,<\/strong>&nbsp;principales sospechosos. Fueron identificados como D.F.M., de 20 a\u00f1os; G.D.J.R., de 25; A.S.J.D., de 30; 0.A.R., de 41; y D.G., de 16.<\/p>\n\n\n\n<p>Adem\u00e1s, los agentes secuestraron un auto Volkswagen Fox, prendas de vestir, celulares y pertenencias de los implicados. La fiscal del caso, Lilian Irala orden\u00f3 que los detenidos y el amigo de la v\u00edctima sean sometidos a una prueba de demortest, previo a su declaraci\u00f3n.<\/p>\n\n\n\n<p>La causa fue caratulada como homicidio agravado por el uso de arma de fuego.<\/p>\n","protected":false},"excerpt":{"rendered":"<p>Un hombre de 41 a\u00f1os fue asesinado este domingo en la ciudad de Resistencia luego de que un grupo de personas efectuara varios disparos en su contra en la v\u00eda&hellip; <\/p>\n","protected":false},"author":1,"featured_media":248626,"comment_status":"closed","ping_status":"open","sticky":false,"template":"","format":"standard","meta":{"footnotes":""},"categories":[26],"tags":[],"class_list":["post-248622","post","type-post","status-publish","format-standard","has-post-thumbnail","hentry","category-destacados"],"_links":{"self":[{"href":"https:\/\/corrientesdetarde.com\/index.php\/wp-json\/wp\/v2\/posts\/248622","targetHints":{"allow":["GET"]}}],"collection":[{"href":"https:\/\/corrientesdetarde.com\/index.php\/wp-json\/wp\/v2\/posts"}],"about":[{"href":"https:\/\/corrientesdetarde.com\/index.php\/wp-json\/wp\/v2\/types\/post"}],"author":[{"embeddable":true,"href":"https:\/\/corrientesdetarde.com\/index.php\/wp-json\/wp\/v2\/users\/1"}],"replies":[{"embeddable":true,"href":"https:\/\/corrientesdetarde.com\/index.php\/wp-json\/wp\/v2\/comments?post=248622"}],"version-history":[{"count":1,"href":"https:\/\/corrientesdetarde.com\/index.php\/wp-json\/wp\/v2\/posts\/248622\/revisions"}],"predecessor-version":[{"id":248627,"href":"https:\/\/corrientesdetarde.com\/index.php\/wp-json\/wp\/v2\/posts\/248622\/revisions\/248627"}],"wp:featuredmedia":[{"embeddable":true,"href":"https:\/\/corrientesdetarde.com\/index.php\/wp-json\/wp\/v2\/media\/248626"}],"wp:attachment":[{"href":"https:\/\/corrientesdetarde.com\/index.php\/wp-json\/wp\/v2\/media?parent=248622"}],"wp:term":[{"taxonomy":"category","embeddable":true,"href":"https:\/\/corrientesdetarde.com\/index.php\/wp-json\/wp\/v2\/categories?post=248622"},{"taxonomy":"post_tag","embeddable":true,"href":"https:\/\/corrientesdetarde.com\/index.php\/wp-json\/wp\/v2\/tags?post=248622"}],"curies":[{"name":"wp","href":"https:\/\/api.w.org\/{rel}","templated":true}]}}