{"id":248632,"date":"2026-03-09T10:44:01","date_gmt":"2026-03-09T13:44:01","guid":{"rendered":"https:\/\/corrientesdetarde.com\/?p=248632"},"modified":"2026-03-09T10:44:13","modified_gmt":"2026-03-09T13:44:13","slug":"esquina-cambiaba-un-foco-y-murio-por-una-descarga-electrica","status":"publish","type":"post","link":"https:\/\/corrientesdetarde.com\/index.php\/informacion-general\/esquina-cambiaba-un-foco-y-murio-por-una-descarga-electrica\/","title":{"rendered":"Esquina: Cambiaba un foco y muri\u00f3 por una descarga el\u00e9ctrica"},"content":{"rendered":"\n<p>La\u00a0<strong>Polic\u00eda de Corrientes\u00a0<\/strong>inform\u00f3 este lunes que<strong>\u00a0muri\u00f3 un hombre<\/strong>\u00a0luego de sufrir una\u00a0<strong>descarga el\u00e9ctrica<\/strong>\u00a0mientras realizaba tareas en su vivienda en la localidad\u00a0de Esquina.<\/p>\n\n\n\n<p><\/p>\n\n\n\n<p>El hecho ocurri\u00f3 en&nbsp;<strong>una vivienda ubicada en el barrio 48 Viviendas<\/strong>, donde&nbsp;<strong>un hombre mayor de edad, de apellido Sosa<\/strong>, hab\u00eda&nbsp;recibido&nbsp;<strong>una descarga el\u00e9ctrica mientras intentaba cambiar un foco.<\/strong><\/p>\n\n\n\n<p>Ante el hecho, los polic\u00edas acudieron al lugar&nbsp;&nbsp;junto a profesionales de la salud, quienes constataron que la persona&nbsp;<strong>ya se encontraba sin signos vitales<\/strong>.<\/p>\n\n\n\n<p>Ante esta situaci\u00f3n,&nbsp;<strong>se dio intervenci\u00f3n a la Unidad Fiscal en turno<\/strong>, que dispuso las diligencias correspondientes.<\/p>\n\n\n\n<p>Luego del&nbsp;examen m\u00e9dico legal , se determin\u00f3 que&nbsp;<strong>el fallecimiento se produjo por electrocuci\u00f3n<\/strong>.<\/p>\n\n\n\n<p>Posteriormente,&nbsp;<strong>el cuerpo fue entregado a sus familiares para las exequias correspondientes<\/strong>, mientras que las autoridades realizaron los tr\u00e1mites y actuaciones de rigor para esclarecer las circunstancias del hecho.<\/p>\n","protected":false},"excerpt":{"rendered":"<p>La\u00a0Polic\u00eda de Corrientes\u00a0inform\u00f3 este lunes que\u00a0muri\u00f3 un hombre\u00a0luego de sufrir una\u00a0descarga el\u00e9ctrica\u00a0mientras realizaba tareas en su vivienda en la localidad\u00a0de Esquina. El hecho ocurri\u00f3 en&nbsp;una vivienda ubicada en el barrio&hellip; <\/p>\n","protected":false},"author":1,"featured_media":248634,"comment_status":"closed","ping_status":"open","sticky":false,"template":"","format":"standard","meta":{"footnotes":""},"categories":[1],"tags":[],"class_list":["post-248632","post","type-post","status-publish","format-standard","has-post-thumbnail","hentry","category-informacion-general"],"_links":{"self":[{"href":"https:\/\/corrientesdetarde.com\/index.php\/wp-json\/wp\/v2\/posts\/248632","targetHints":{"allow":["GET"]}}],"collection":[{"href":"https:\/\/corrientesdetarde.com\/index.php\/wp-json\/wp\/v2\/posts"}],"about":[{"href":"https:\/\/corrientesdetarde.com\/index.php\/wp-json\/wp\/v2\/types\/post"}],"author":[{"embeddable":true,"href":"https:\/\/corrientesdetarde.com\/index.php\/wp-json\/wp\/v2\/users\/1"}],"replies":[{"embeddable":true,"href":"https:\/\/corrientesdetarde.com\/index.php\/wp-json\/wp\/v2\/comments?post=248632"}],"version-history":[{"count":1,"href":"https:\/\/corrientesdetarde.com\/index.php\/wp-json\/wp\/v2\/posts\/248632\/revisions"}],"predecessor-version":[{"id":248635,"href":"https:\/\/corrientesdetarde.com\/index.php\/wp-json\/wp\/v2\/posts\/248632\/revisions\/248635"}],"wp:featuredmedia":[{"embeddable":true,"href":"https:\/\/corrientesdetarde.com\/index.php\/wp-json\/wp\/v2\/media\/248634"}],"wp:attachment":[{"href":"https:\/\/corrientesdetarde.com\/index.php\/wp-json\/wp\/v2\/media?parent=248632"}],"wp:term":[{"taxonomy":"category","embeddable":true,"href":"https:\/\/corrientesdetarde.com\/index.php\/wp-json\/wp\/v2\/categories?post=248632"},{"taxonomy":"post_tag","embeddable":true,"href":"https:\/\/corrientesdetarde.com\/index.php\/wp-json\/wp\/v2\/tags?post=248632"}],"curies":[{"name":"wp","href":"https:\/\/api.w.org\/{rel}","templated":true}]}}