{"id":248641,"date":"2026-03-09T11:24:19","date_gmt":"2026-03-09T14:24:19","guid":{"rendered":"https:\/\/corrientesdetarde.com\/?p=248641"},"modified":"2026-03-09T11:24:28","modified_gmt":"2026-03-09T14:24:28","slug":"violento-robo-contra-una-mujer-hay-detenidos","status":"publish","type":"post","link":"https:\/\/corrientesdetarde.com\/index.php\/policiales\/violento-robo-contra-una-mujer-hay-detenidos\/","title":{"rendered":"Violento robo contra una mujer: hay detenidos"},"content":{"rendered":"\n<p>La Polic\u00eda allan\u00f3 una vivienda en el barrio Patono de la capital correntina para lograr la detenci\u00f3n de un joven acusado de participar en el robo contra una mujer, ocurrido el domingo 25 de enero, cuando la empujaron de una bicicleta en movimiento y provocaron fractura de cadera.<\/p>\n\n\n\n<p>Ariel Cristian G., de 24 a\u00f1os, fue localizado en un domicilio situado en un pasillo con salida a la calle Sebasti\u00e1n Gaboto, en un sector de asentamiento.<\/p>\n\n\n\n<p>Efectivos a cargo del comisario Gerardo De Jes\u00fas Cantero, jefe de la comisar\u00eda Decimoquinta, revisaron la casa del joven hasta secuestrar prendas de vestir: un pantal\u00f3n de jean con roturas y un buzo negro. Esas ropas ser\u00edan las que usaba cuando comet\u00edan el asalto en calle Leloir, entre Igarz\u00e1bal y una peatonal del barrio Independencia.<\/p>\n\n\n\n<p>Una semana antes, tambi\u00e9n polic\u00edas de la Decimoquinta detuvieron al otro sospechoso, identificado con el apellido Cantero, en un domicilio del barrio &#8220;La Chola&#8221;.<\/p>\n\n\n\n<p>La ciclista fue tirada al piso, arrastrada y despojada de un bolso, ocasi\u00f3n en la que sufri\u00f3 la herida grave.<\/p>\n\n\n\n<figure class=\"wp-block-image size-full\"><img decoding=\"async\" src=\"https:\/\/corrientesdetarde.com\/wp-content\/uploads\/2026\/03\/image-202.png\" alt=\"\" class=\"wp-image-248650\"\/><\/figure>\n","protected":false},"excerpt":{"rendered":"<p>La Polic\u00eda allan\u00f3 una vivienda en el barrio Patono de la capital correntina para lograr la detenci\u00f3n de un joven acusado de participar en el robo contra una mujer, ocurrido&hellip; <\/p>\n","protected":false},"author":1,"featured_media":248650,"comment_status":"closed","ping_status":"open","sticky":false,"template":"","format":"standard","meta":{"footnotes":""},"categories":[33],"tags":[],"class_list":["post-248641","post","type-post","status-publish","format-standard","has-post-thumbnail","hentry","category-policiales"],"_links":{"self":[{"href":"https:\/\/corrientesdetarde.com\/index.php\/wp-json\/wp\/v2\/posts\/248641","targetHints":{"allow":["GET"]}}],"collection":[{"href":"https:\/\/corrientesdetarde.com\/index.php\/wp-json\/wp\/v2\/posts"}],"about":[{"href":"https:\/\/corrientesdetarde.com\/index.php\/wp-json\/wp\/v2\/types\/post"}],"author":[{"embeddable":true,"href":"https:\/\/corrientesdetarde.com\/index.php\/wp-json\/wp\/v2\/users\/1"}],"replies":[{"embeddable":true,"href":"https:\/\/corrientesdetarde.com\/index.php\/wp-json\/wp\/v2\/comments?post=248641"}],"version-history":[{"count":1,"href":"https:\/\/corrientesdetarde.com\/index.php\/wp-json\/wp\/v2\/posts\/248641\/revisions"}],"predecessor-version":[{"id":248651,"href":"https:\/\/corrientesdetarde.com\/index.php\/wp-json\/wp\/v2\/posts\/248641\/revisions\/248651"}],"wp:featuredmedia":[{"embeddable":true,"href":"https:\/\/corrientesdetarde.com\/index.php\/wp-json\/wp\/v2\/media\/248650"}],"wp:attachment":[{"href":"https:\/\/corrientesdetarde.com\/index.php\/wp-json\/wp\/v2\/media?parent=248641"}],"wp:term":[{"taxonomy":"category","embeddable":true,"href":"https:\/\/corrientesdetarde.com\/index.php\/wp-json\/wp\/v2\/categories?post=248641"},{"taxonomy":"post_tag","embeddable":true,"href":"https:\/\/corrientesdetarde.com\/index.php\/wp-json\/wp\/v2\/tags?post=248641"}],"curies":[{"name":"wp","href":"https:\/\/api.w.org\/{rel}","templated":true}]}}