{"id":248642,"date":"2026-03-09T11:14:18","date_gmt":"2026-03-09T14:14:18","guid":{"rendered":"https:\/\/corrientesdetarde.com\/?p=248642"},"modified":"2026-03-09T11:14:31","modified_gmt":"2026-03-09T14:14:31","slug":"braillard-poccard-encabezo-el-homenaje-al-tamborcito-de-tacuari-en-el-215-aniversario-del-fallecimiento-de-pedro-rios","status":"publish","type":"post","link":"https:\/\/corrientesdetarde.com\/index.php\/actualidad\/braillard-poccard-encabezo-el-homenaje-al-tamborcito-de-tacuari-en-el-215-aniversario-del-fallecimiento-de-pedro-rios\/","title":{"rendered":"Braillard Poccard encabez\u00f3 el homenaje al Tamborcito de Tacuar\u00ed en el 215\u00b0 aniversario del fallecimiento de Pedro R\u00edos"},"content":{"rendered":"\n<p>El vicegobernador de la provincia, Pedro Braillard Poccard, presidi\u00f3 este lunes junto al intendente de Concepci\u00f3n del Yaguaret\u00e9 Cor\u00e1, Gast\u00f3n Ram\u00edrez, el acto conmemorativo por el 215\u00b0 aniversario del fallecimiento de Pedro R\u00edos, realizado en su ciudad natal. Tambi\u00e9n acompa\u00f1aron los senadores Sergio Flinta y Noel Breard.<\/p>\n\n\n\n<p>Durante la ceremonia, el vicegobernador destac\u00f3 el valor hist\u00f3rico y simb\u00f3lico de la figura del joven h\u00e9roe correntino. \u201cEs un honor estar hoy aqu\u00ed representando al Gobierno de la provincia de Corrientes. Quiero destacar especialmente al padre de Pedro R\u00edos, quien, a pesar de que la edad ya no le permit\u00eda sumarse al ej\u00e9rcito patriota, ofreci\u00f3 lo m\u00e1s valioso que ten\u00eda: su hijo, insistiendo en que \u00e9l mismo acompa\u00f1ara al coronel Manuel Belgrano en aquellos tiempos decisivos para la Patria\u201d, expres\u00f3.<\/p>\n\n\n\n<p>Braillard Poccard tambi\u00e9n subray\u00f3 el orgullo que representa para los correntinos la participaci\u00f3n de la provincia en los hechos fundacionales del pa\u00eds. \u201cTenemos muchos motivos para sentirnos orgullosos, porque en esta tierra naci\u00f3 el libertador Jos\u00e9 de San Mart\u00edn y tambi\u00e9n el sargento Juan Bautista Cabral. Adem\u00e1s, la banda de m\u00fasica del segundo regimiento m\u00e1s importante del pa\u00eds lleva el nombre del ni\u00f1o h\u00e9roe de este lugar. Son muchos los motivos para sentir orgullo de nuestra historia\u201d, afirm\u00f3.<\/p>\n\n\n\n<p>En otro tramo de su discurso, el vicegobernador remarc\u00f3 que recordar la figura de Pedro R\u00edos implica tambi\u00e9n asumir compromisos hacia el presente y el futuro. \u201cRendir homenaje a Pedro R\u00edos es ratificar un compromiso con nuestra ni\u00f1ez, que tiene que ver con brindar la mejor educaci\u00f3n y la mejor salud para que nuestros ni\u00f1os de hoy puedan convertirse ma\u00f1ana en hombres y mujeres de bien para Corrientes, para la Argentina e incluso para el mundo\u201d, sostuvo.<\/p>\n\n\n\n<p>Finalmente, se\u00f1al\u00f3 que, \u201cmantener viva la memoria del Tambor de Tacuar\u00ed es mantener vivos los recuerdos de todo lo que signific\u00f3 nuestro aporte a la causa de la libertad. Es resaltar el prestigio de nuestra provincia a lo largo y a lo ancho del pa\u00eds y demostrar por qu\u00e9 los correntinos nos sentimos orgullosos de serlo\u201d, concluy\u00f3.<\/p>\n\n\n\n<p>Durante el mismo acto, el senador provincial Sergio Flinta fue declarado Ciudadano de Honor por su labor legislativa. Flinta fue autor de la Ley Provincial N.\u00ba 5988, sancionada en 2011, que establece el 9 de marzo como el D\u00eda del Ni\u00f1o Correntino, una fecha destinada a honrar la valent\u00eda de la ni\u00f1ez correntina a lo largo de la historia, representada en la figura de Pedro R\u00edos; mientras que el Vicegobernador recibi\u00f3 la distinci\u00f3n \u201cTambor de Tacuar\u00ed\u201d por mantener viva la memoria de Pedro R\u00edos.<\/p>\n\n\n\n<figure class=\"wp-block-image size-large\"><img loading=\"lazy\" decoding=\"async\" width=\"1024\" height=\"642\" src=\"https:\/\/corrientesdetarde.com\/wp-content\/uploads\/2026\/03\/image-199-1024x642.png\" alt=\"\" class=\"wp-image-248644\" srcset=\"https:\/\/corrientesdetarde.com\/wp-content\/uploads\/2026\/03\/image-199-1024x642.png 1024w, https:\/\/corrientesdetarde.com\/wp-content\/uploads\/2026\/03\/image-199-300x188.png 300w, https:\/\/corrientesdetarde.com\/wp-content\/uploads\/2026\/03\/image-199-768x481.png 768w, https:\/\/corrientesdetarde.com\/wp-content\/uploads\/2026\/03\/image-199.png 1200w\" sizes=\"auto, (max-width: 1024px) 100vw, 1024px\" \/><\/figure>\n\n\n\n<figure class=\"wp-block-image size-large\"><img loading=\"lazy\" decoding=\"async\" width=\"1024\" height=\"657\" src=\"https:\/\/corrientesdetarde.com\/wp-content\/uploads\/2026\/03\/image-200-1024x657.png\" alt=\"\" class=\"wp-image-248645\" srcset=\"https:\/\/corrientesdetarde.com\/wp-content\/uploads\/2026\/03\/image-200-1024x657.png 1024w, https:\/\/corrientesdetarde.com\/wp-content\/uploads\/2026\/03\/image-200-300x192.png 300w, https:\/\/corrientesdetarde.com\/wp-content\/uploads\/2026\/03\/image-200-768x493.png 768w, https:\/\/corrientesdetarde.com\/wp-content\/uploads\/2026\/03\/image-200.png 1221w\" sizes=\"auto, (max-width: 1024px) 100vw, 1024px\" \/><\/figure>\n\n\n\n<figure class=\"wp-block-image size-full\"><img loading=\"lazy\" decoding=\"async\" width=\"949\" height=\"783\" src=\"https:\/\/corrientesdetarde.com\/wp-content\/uploads\/2026\/03\/image-201.png\" alt=\"\" class=\"wp-image-248646\" srcset=\"https:\/\/corrientesdetarde.com\/wp-content\/uploads\/2026\/03\/image-201.png 949w, https:\/\/corrientesdetarde.com\/wp-content\/uploads\/2026\/03\/image-201-300x248.png 300w, https:\/\/corrientesdetarde.com\/wp-content\/uploads\/2026\/03\/image-201-768x634.png 768w\" sizes=\"auto, (max-width: 949px) 100vw, 949px\" \/><\/figure>\n","protected":false},"excerpt":{"rendered":"<p>El vicegobernador de la provincia, Pedro Braillard Poccard, presidi\u00f3 este lunes junto al intendente de Concepci\u00f3n del Yaguaret\u00e9 Cor\u00e1, Gast\u00f3n Ram\u00edrez, el acto conmemorativo por el 215\u00b0 aniversario del fallecimiento&hellip; <\/p>\n","protected":false},"author":1,"featured_media":248643,"comment_status":"closed","ping_status":"open","sticky":false,"template":"","format":"standard","meta":{"footnotes":""},"categories":[23],"tags":[],"class_list":["post-248642","post","type-post","status-publish","format-standard","has-post-thumbnail","hentry","category-actualidad"],"_links":{"self":[{"href":"https:\/\/corrientesdetarde.com\/index.php\/wp-json\/wp\/v2\/posts\/248642","targetHints":{"allow":["GET"]}}],"collection":[{"href":"https:\/\/corrientesdetarde.com\/index.php\/wp-json\/wp\/v2\/posts"}],"about":[{"href":"https:\/\/corrientesdetarde.com\/index.php\/wp-json\/wp\/v2\/types\/post"}],"author":[{"embeddable":true,"href":"https:\/\/corrientesdetarde.com\/index.php\/wp-json\/wp\/v2\/users\/1"}],"replies":[{"embeddable":true,"href":"https:\/\/corrientesdetarde.com\/index.php\/wp-json\/wp\/v2\/comments?post=248642"}],"version-history":[{"count":1,"href":"https:\/\/corrientesdetarde.com\/index.php\/wp-json\/wp\/v2\/posts\/248642\/revisions"}],"predecessor-version":[{"id":248647,"href":"https:\/\/corrientesdetarde.com\/index.php\/wp-json\/wp\/v2\/posts\/248642\/revisions\/248647"}],"wp:featuredmedia":[{"embeddable":true,"href":"https:\/\/corrientesdetarde.com\/index.php\/wp-json\/wp\/v2\/media\/248643"}],"wp:attachment":[{"href":"https:\/\/corrientesdetarde.com\/index.php\/wp-json\/wp\/v2\/media?parent=248642"}],"wp:term":[{"taxonomy":"category","embeddable":true,"href":"https:\/\/corrientesdetarde.com\/index.php\/wp-json\/wp\/v2\/categories?post=248642"},{"taxonomy":"post_tag","embeddable":true,"href":"https:\/\/corrientesdetarde.com\/index.php\/wp-json\/wp\/v2\/tags?post=248642"}],"curies":[{"name":"wp","href":"https:\/\/api.w.org\/{rel}","templated":true}]}}