{"id":248649,"date":"2026-03-09T11:27:15","date_gmt":"2026-03-09T14:27:15","guid":{"rendered":"https:\/\/corrientesdetarde.com\/?p=248649"},"modified":"2026-03-09T11:27:22","modified_gmt":"2026-03-09T14:27:22","slug":"donde-se-juega-la-finalissima-cayo-en-un-cono-de-indefinicion-por-el-conflicto-en-medio-oriente","status":"publish","type":"post","link":"https:\/\/corrientesdetarde.com\/index.php\/deportes\/donde-se-juega-la-finalissima-cayo-en-un-cono-de-indefinicion-por-el-conflicto-en-medio-oriente\/","title":{"rendered":"\u00bfD\u00f3nde se juega? La Finalissima cay\u00f3 en un cono de indefinici\u00f3n por el conflicto en Medio Oriente"},"content":{"rendered":"\n<p><strong>Por Coco Ram\u00f3n<\/strong><\/p>\n\n\n\n<figure class=\"wp-block-embed is-type-video is-provider-youtube wp-block-embed-youtube wp-embed-aspect-16-9 wp-has-aspect-ratio\"><div class=\"wp-block-embed__wrapper\">\n<iframe loading=\"lazy\" title=\"\u00bfD\u00f3nde se juega? La Finalissima cay\u00f3 en un cono de indefinici\u00f3n por el conflicto en Medio Oriente\" width=\"1110\" height=\"624\" src=\"https:\/\/www.youtube.com\/embed\/Ih1iwfpCzUM?feature=oembed\" frameborder=\"0\" allow=\"accelerometer; autoplay; clipboard-write; encrypted-media; gyroscope; picture-in-picture; web-share\" referrerpolicy=\"strict-origin-when-cross-origin\" allowfullscreen><\/iframe>\n<\/div><\/figure>\n","protected":false},"excerpt":{"rendered":"<p>Por Coco Ram\u00f3n<\/p>\n","protected":false},"author":11,"featured_media":248652,"comment_status":"closed","ping_status":"open","sticky":false,"template":"","format":"standard","meta":{"footnotes":""},"categories":[4],"tags":[3066,3064,3061,3065,48,2232,3063],"class_list":["post-248649","post","type-post","status-publish","format-standard","has-post-thumbnail","hentry","category-deportes","tag-conflicto","tag-dia-y-horario","tag-finalissima","tag-medio-oriente","tag-messi","tag-seleccion-argentina","tag-seleccion-de-espana"],"_links":{"self":[{"href":"https:\/\/corrientesdetarde.com\/index.php\/wp-json\/wp\/v2\/posts\/248649","targetHints":{"allow":["GET"]}}],"collection":[{"href":"https:\/\/corrientesdetarde.com\/index.php\/wp-json\/wp\/v2\/posts"}],"about":[{"href":"https:\/\/corrientesdetarde.com\/index.php\/wp-json\/wp\/v2\/types\/post"}],"author":[{"embeddable":true,"href":"https:\/\/corrientesdetarde.com\/index.php\/wp-json\/wp\/v2\/users\/11"}],"replies":[{"embeddable":true,"href":"https:\/\/corrientesdetarde.com\/index.php\/wp-json\/wp\/v2\/comments?post=248649"}],"version-history":[{"count":1,"href":"https:\/\/corrientesdetarde.com\/index.php\/wp-json\/wp\/v2\/posts\/248649\/revisions"}],"predecessor-version":[{"id":248653,"href":"https:\/\/corrientesdetarde.com\/index.php\/wp-json\/wp\/v2\/posts\/248649\/revisions\/248653"}],"wp:featuredmedia":[{"embeddable":true,"href":"https:\/\/corrientesdetarde.com\/index.php\/wp-json\/wp\/v2\/media\/248652"}],"wp:attachment":[{"href":"https:\/\/corrientesdetarde.com\/index.php\/wp-json\/wp\/v2\/media?parent=248649"}],"wp:term":[{"taxonomy":"category","embeddable":true,"href":"https:\/\/corrientesdetarde.com\/index.php\/wp-json\/wp\/v2\/categories?post=248649"},{"taxonomy":"post_tag","embeddable":true,"href":"https:\/\/corrientesdetarde.com\/index.php\/wp-json\/wp\/v2\/tags?post=248649"}],"curies":[{"name":"wp","href":"https:\/\/api.w.org\/{rel}","templated":true}]}}