{"id":248660,"date":"2026-03-09T13:38:22","date_gmt":"2026-03-09T16:38:22","guid":{"rendered":"https:\/\/corrientesdetarde.com\/?p=248660"},"modified":"2026-03-09T13:38:36","modified_gmt":"2026-03-09T16:38:36","slug":"valdes-busca-posicionar-a-corrientes-como-un-destino-atractivo-para-capitales-internacionales","status":"publish","type":"post","link":"https:\/\/corrientesdetarde.com\/index.php\/politica\/valdes-busca-posicionar-a-corrientes-como-un-destino-atractivo-para-capitales-internacionales\/","title":{"rendered":"Vald\u00e9s busca posicionar a Corrientes como un destino atractivo para capitales internacionales"},"content":{"rendered":"\n<p>El gobernador correntino participa de Argentina Week 2026 en Manhattan junto a otros mandatarios y al presidente argentino. La misi\u00f3n apunta a atraer capital internacional para sectores estrat\u00e9gicos de la provincia.<\/p>\n\n\n\n<p>El gobernador de Corrientes, Juan Pablo Vald\u00e9s, participa desde este lunes en Argentina Week 2026, una serie de encuentros empresariales y financieros que se desarrollan del 9 al 11 de marzo en Manhattan, Nueva York, con el objetivo de promocionar oportunidades de inversi\u00f3n en el pa\u00eds y fortalecer los v\u00ednculos econ\u00f3micos con Estados Unidos.<\/p>\n\n\n\n<p>La agenda re\u00fane al presidente argentino, Javier Milei, a nueve gobernadores y a m\u00e1s de 30 ejecutivos de empresas, multinacionales, bancos y fondos de inversi\u00f3n. El encuentro es organizado por JPMorgan Chase, Bank of America y Kaszek, tres actores centrales del sistema financiero y del ecosistema de inversiones de Am\u00e9rica.<\/p>\n\n\n\n<p>En ese marco, Vald\u00e9s busca posicionar a Corrientes como un destino atractivo para capitales internacionales con foco en la industrializaci\u00f3n de su matriz productiva. La estrategia provincial apunta a generar valor agregado, ampliar exportaciones y crear empleo a partir de sectores donde la provincia ya posee ventajas competitivas.<\/p>\n\n\n\n<p>Uno de los ejes centrales de la propuesta correntina es la forestoindustria. La provincia promueve la instalaci\u00f3n de industrias madereras, proyectos de producci\u00f3n de celulosa y desarrollos vinculados a la bioeconom\u00eda, incluyendo la generaci\u00f3n de energ\u00eda a partir de biomasa forestal.<\/p>\n\n\n\n<p>El arroz aparece como otro de los sectores estrat\u00e9gicos. El objetivo provincial es superar las 250.000 hect\u00e1reas sembradas mediante la incorporaci\u00f3n de tecnolog\u00eda, nuevas inversiones en plantas de procesamiento y una mayor integraci\u00f3n con los mercados internacionales.<\/p>\n\n\n\n<p>La ganader\u00eda tambi\u00e9n forma parte de la agenda de promoci\u00f3n. Corrientes impulsa proyectos para modernizar frigor\u00edficos, mejorar el desarrollo gen\u00e9tico bovino y ampliar la presencia de sus productos en nuevos mercados externos.<\/p>\n\n\n\n<p>A la par, el Gobierno provincial plantea oportunidades en la producci\u00f3n frutihort\u00edcola, especialmente en horticultura, fruticultura y alimentos regionales, con \u00e9nfasis en mejorar la log\u00edstica exportadora para potenciar la competitividad de las econom\u00edas regionales.<\/p>\n\n\n\n<p>Otro punto clave de la misi\u00f3n es la infraestructura productiva. El plan incluye el desarrollo de parques industriales, mejoras log\u00edsticas y la radicaci\u00f3n de empresas internacionales interesadas en procesar materia prima local dentro de la provincia.<\/p>\n\n\n\n<p>Durante su estad\u00eda en Estados Unidos, Vald\u00e9s tambi\u00e9n tiene previstas reuniones con organismos multilaterales de cr\u00e9dito, entre ellos el Banco Interamericano de Desarrollo, el Banco Mundial y CAF &#8211; Banco de Desarrollo de Am\u00e9rica Latina y el Caribe, con el objetivo de explorar financiamiento para proyectos de desarrollo productivo e infraestructura.<\/p>\n\n\n\n<p>La delegaci\u00f3n argentina est\u00e1 integrada adem\u00e1s por los gobernadores Marcelo Orrego (San Juan), Ra\u00fal Jalil (Catamarca), Carlos Sadir (Jujuy), Gustavo S\u00e1enz (Salta), Claudio Vidal (Santa Cruz), Rolando Figueroa (Neuqu\u00e9n), Alberto Weretilneck (R\u00edo Negro), Alfredo Cornejo (Mendoza) e Ignacio Torres (Chubut).<\/p>\n","protected":false},"excerpt":{"rendered":"<p>El gobernador correntino participa de Argentina Week 2026 en Manhattan junto a otros mandatarios y al presidente argentino. La misi\u00f3n apunta a atraer capital internacional para sectores estrat\u00e9gicos de la&hellip; <\/p>\n","protected":false},"author":8,"featured_media":248661,"comment_status":"closed","ping_status":"open","sticky":false,"template":"","format":"standard","meta":{"footnotes":""},"categories":[3],"tags":[],"class_list":["post-248660","post","type-post","status-publish","format-standard","has-post-thumbnail","hentry","category-politica"],"_links":{"self":[{"href":"https:\/\/corrientesdetarde.com\/index.php\/wp-json\/wp\/v2\/posts\/248660","targetHints":{"allow":["GET"]}}],"collection":[{"href":"https:\/\/corrientesdetarde.com\/index.php\/wp-json\/wp\/v2\/posts"}],"about":[{"href":"https:\/\/corrientesdetarde.com\/index.php\/wp-json\/wp\/v2\/types\/post"}],"author":[{"embeddable":true,"href":"https:\/\/corrientesdetarde.com\/index.php\/wp-json\/wp\/v2\/users\/8"}],"replies":[{"embeddable":true,"href":"https:\/\/corrientesdetarde.com\/index.php\/wp-json\/wp\/v2\/comments?post=248660"}],"version-history":[{"count":1,"href":"https:\/\/corrientesdetarde.com\/index.php\/wp-json\/wp\/v2\/posts\/248660\/revisions"}],"predecessor-version":[{"id":248662,"href":"https:\/\/corrientesdetarde.com\/index.php\/wp-json\/wp\/v2\/posts\/248660\/revisions\/248662"}],"wp:featuredmedia":[{"embeddable":true,"href":"https:\/\/corrientesdetarde.com\/index.php\/wp-json\/wp\/v2\/media\/248661"}],"wp:attachment":[{"href":"https:\/\/corrientesdetarde.com\/index.php\/wp-json\/wp\/v2\/media?parent=248660"}],"wp:term":[{"taxonomy":"category","embeddable":true,"href":"https:\/\/corrientesdetarde.com\/index.php\/wp-json\/wp\/v2\/categories?post=248660"},{"taxonomy":"post_tag","embeddable":true,"href":"https:\/\/corrientesdetarde.com\/index.php\/wp-json\/wp\/v2\/tags?post=248660"}],"curies":[{"name":"wp","href":"https:\/\/api.w.org\/{rel}","templated":true}]}}