{"id":248663,"date":"2026-03-09T13:48:14","date_gmt":"2026-03-09T16:48:14","guid":{"rendered":"https:\/\/corrientesdetarde.com\/?p=248663"},"modified":"2026-03-09T13:48:23","modified_gmt":"2026-03-09T16:48:23","slug":"corrientes-promocionara-la-pesca-deportiva-en-la-mayor-feria-de-brasil","status":"publish","type":"post","link":"https:\/\/corrientesdetarde.com\/index.php\/turismo\/corrientes-promocionara-la-pesca-deportiva-en-la-mayor-feria-de-brasil\/","title":{"rendered":"Corrientes promocionar\u00e1 la pesca deportiva en la mayor feria de Brasil"},"content":{"rendered":"\n<p><\/p>\n\n\n\n<p><a href=\"https:\/\/www.facebook.com\/sharer\/sharer.php?u=https%3A%2F%2Fcorrientesaldia.info%2F2026%2F03%2F09%2Fcorrientes-promocionara-la-pesca-deportiva-en-la-mayor-feria-de-brasil%2F\" target=\"_blank\" rel=\"noreferrer noopener\"><\/a><a href=\"https:\/\/twitter.com\/intent\/tweet?url=https%3A%2F%2Fcorrientesaldia.info%2F2026%2F03%2F09%2Fcorrientes-promocionara-la-pesca-deportiva-en-la-mayor-feria-de-brasil%2F&amp;text=Corrientes+promocionar%C3%A1+la+pesca+deportiva+en+la+mayor+feria+de+Brasil\" target=\"_blank\" rel=\"noreferrer noopener\"><\/a><a href=\"https:\/\/wa.me\/?text=https%3A%2F%2Fcorrientesaldia.info%2F2026%2F03%2F09%2Fcorrientes-promocionara-la-pesca-deportiva-en-la-mayor-feria-de-brasil%2F\" target=\"_blank\" rel=\"noreferrer noopener\"><\/a><a href=\"mailto:?subject=Corrientes+promocionar%C3%A1+la+pesca+deportiva+en+la+mayor+feria+de+Brasil&amp;body=https%3A%2F%2Fcorrientesaldia.info%2F2026%2F03%2F09%2Fcorrientes-promocionara-la-pesca-deportiva-en-la-mayor-feria-de-brasil%2F\" target=\"_blank\" rel=\"noreferrer noopener\"><\/a>La provincia de\u00a0<strong>Corrientes<\/strong>\u00a0se prepara para participar una vez m\u00e1s del\u00a0<strong>Trade Show Pesca y Compa\u00f1\u00eda<\/strong>, la feria de pesca m\u00e1s importante de Brasil, que se realizar\u00e1 del\u00a0<strong>12 al 14 de marzo en San Pablo<\/strong>, donde el destino correntino buscar\u00e1 posicionarse ante operadores tur\u00edsticos y profesionales del sector de toda Latinoam\u00e9rica.<\/p>\n\n\n\n<p>En esta nueva edici\u00f3n, Corrientes contar\u00e1 con un&nbsp;<strong>stand institucional de grandes dimensiones<\/strong>, en el que participar\u00e1 una delegaci\u00f3n integrada por operadores y prestadores tur\u00edsticos de distintos puntos de la provincia, quienes promocionar\u00e1n la oferta vinculada a la pesca deportiva y otros atractivos del destino.<\/p>\n\n\n\n<p>La comitiva correntina estar\u00e1 encabezada por el&nbsp;<strong>ministro de Turismo, Juan Enrique Braillard Poccard<\/strong>, acompa\u00f1ado por el&nbsp;<strong>secretario coordinador del Ministerio de Turismo, H\u00e9ctor D\u00e1vila<\/strong>, adem\u00e1s de alrededor de&nbsp;<strong>20 prestadores tur\u00edsticos<\/strong>, representantes de&nbsp;<strong>cuatro municipios<\/strong>&nbsp;y la&nbsp;<strong>embajadora de la Fiesta Nacional del Dorado<\/strong>.<\/p>\n\n\n\n<p>Como parte de la agenda institucional, el&nbsp;<strong>Consulado de la Rep\u00fablica Argentina en San Pablo<\/strong>&nbsp;ofrecer\u00e1 una recepci\u00f3n oficial previa al inicio de la feria para recibir a la delegaci\u00f3n correntina. All\u00ed se realizar\u00e1 una primera presentaci\u00f3n del destino y se fortalecer\u00e1n los v\u00ednculos con operadores y referentes del sector.<\/p>\n\n\n\n<p>Durante la estad\u00eda en Brasil tambi\u00e9n se desarrollar\u00e1n&nbsp;<strong>presentaciones del Destino Corrientes y mesas de trabajo con el sector privado<\/strong>&nbsp;en la sede del&nbsp;<strong>Banco de la Naci\u00f3n Argentina<\/strong>, donde se llevar\u00e1n adelante rondas de negocios para que los empresarios correntinos puedan establecer contactos directos con operadores brasile\u00f1os e impulsar acuerdos comerciales.<\/p>\n\n\n\n<p>El ministro&nbsp;<strong>Braillard Poccard<\/strong>&nbsp;destac\u00f3 que la&nbsp;<strong>pesca deportiva<\/strong>&nbsp;es uno de los productos tur\u00edsticos m\u00e1s importantes de la provincia y explic\u00f3 que la presencia en este evento forma parte de la estrategia para consolidar el mercado brasile\u00f1o.<\/p>\n\n\n\n<p>\u201cUno de los productos m\u00e1s importantes para Corrientes es la pesca, en sus diferentes modalidades, por eso estaremos participando nuevamente de esta feria, una de las m\u00e1s importantes de Latinoam\u00e9rica\u201d, expres\u00f3 el funcionario.<\/p>\n\n\n\n<p>Asimismo, adelant\u00f3 que en la jornada previa al evento se desarrollar\u00e1 un&nbsp;<strong>workshop con alrededor de 50 prestadores brasile\u00f1os<\/strong>, con el objetivo de promover el intercambio comercial y atraer visitantes al territorio correntino.<\/p>\n\n\n\n<p>Finalmente, Braillard Poccard remarc\u00f3 que la participaci\u00f3n en el Trade Show busca fortalecer al sector privado y generar nuevas oportunidades de negocio. \u201cEsperamos que sea una feria muy productiva y que durante el a\u00f1o podamos ver a muchos brasile\u00f1os pescando en los distintos destinos que tiene Corrientes para ofrecer\u201d, concluy\u00f3.<\/p>\n","protected":false},"excerpt":{"rendered":"<p>La provincia de\u00a0Corrientes\u00a0se prepara para participar una vez m\u00e1s del\u00a0Trade Show Pesca y Compa\u00f1\u00eda, la feria de pesca m\u00e1s importante de Brasil, que se realizar\u00e1 del\u00a012 al 14 de marzo&hellip; <\/p>\n","protected":false},"author":8,"featured_media":248664,"comment_status":"closed","ping_status":"open","sticky":false,"template":"","format":"standard","meta":{"footnotes":""},"categories":[31],"tags":[],"class_list":["post-248663","post","type-post","status-publish","format-standard","has-post-thumbnail","hentry","category-turismo"],"_links":{"self":[{"href":"https:\/\/corrientesdetarde.com\/index.php\/wp-json\/wp\/v2\/posts\/248663","targetHints":{"allow":["GET"]}}],"collection":[{"href":"https:\/\/corrientesdetarde.com\/index.php\/wp-json\/wp\/v2\/posts"}],"about":[{"href":"https:\/\/corrientesdetarde.com\/index.php\/wp-json\/wp\/v2\/types\/post"}],"author":[{"embeddable":true,"href":"https:\/\/corrientesdetarde.com\/index.php\/wp-json\/wp\/v2\/users\/8"}],"replies":[{"embeddable":true,"href":"https:\/\/corrientesdetarde.com\/index.php\/wp-json\/wp\/v2\/comments?post=248663"}],"version-history":[{"count":1,"href":"https:\/\/corrientesdetarde.com\/index.php\/wp-json\/wp\/v2\/posts\/248663\/revisions"}],"predecessor-version":[{"id":248665,"href":"https:\/\/corrientesdetarde.com\/index.php\/wp-json\/wp\/v2\/posts\/248663\/revisions\/248665"}],"wp:featuredmedia":[{"embeddable":true,"href":"https:\/\/corrientesdetarde.com\/index.php\/wp-json\/wp\/v2\/media\/248664"}],"wp:attachment":[{"href":"https:\/\/corrientesdetarde.com\/index.php\/wp-json\/wp\/v2\/media?parent=248663"}],"wp:term":[{"taxonomy":"category","embeddable":true,"href":"https:\/\/corrientesdetarde.com\/index.php\/wp-json\/wp\/v2\/categories?post=248663"},{"taxonomy":"post_tag","embeddable":true,"href":"https:\/\/corrientesdetarde.com\/index.php\/wp-json\/wp\/v2\/tags?post=248663"}],"curies":[{"name":"wp","href":"https:\/\/api.w.org\/{rel}","templated":true}]}}