{"id":248666,"date":"2026-03-09T13:55:59","date_gmt":"2026-03-09T16:55:59","guid":{"rendered":"https:\/\/corrientesdetarde.com\/?p=248666"},"modified":"2026-03-09T13:56:13","modified_gmt":"2026-03-09T16:56:13","slug":"trump-critico-la-designacion-de-motjaba-jamenei-como-lider-supremo-de-iran-no-estoy-contento","status":"publish","type":"post","link":"https:\/\/corrientesdetarde.com\/index.php\/internacionales\/trump-critico-la-designacion-de-motjaba-jamenei-como-lider-supremo-de-iran-no-estoy-contento\/","title":{"rendered":"Trump critic\u00f3 la designaci\u00f3n de Motjaba Jamenei como l\u00edder supremo de Ir\u00e1n: &#8220;No estoy contento&#8221;"},"content":{"rendered":"\n<p>El presidente de Estados Unidos&nbsp;<strong>Donald&nbsp;Trump<\/strong>&nbsp;critic\u00f3 la designaci\u00f3n de&nbsp;<strong>Motjaba Jamenei&nbsp;<\/strong>como l\u00edder supremo de Ir\u00e1n:<strong>&nbsp;&#8220;No estoy contento&#8221;.&nbsp;<\/strong>El presidente de Estados Unidos hab\u00eda lanzado&nbsp;<strong>fuertes advertencias<\/strong>&nbsp;a Teher\u00e1n, al plantear que el nuevo jefe del gobierno isl\u00e1mico<strong>&nbsp;&#8220;no durar\u00eda mucho&#8221;<\/strong>&nbsp;sin su aprobaci\u00f3n. El republicano dijo en declaraciones al<em>&nbsp;New York Post,<\/em>&nbsp;consultado sobre eventuales acciones contra Jamenei: &#8220;No se los dir\u00e9. No estoy contento con \u00e9l&#8221;.<\/p>\n\n\n\n<h2 class=\"wp-block-heading\" id=\"estados-unidos-acuso-a-iran-de-tomar-al-mundo-como-rehen-con-sus-ataques-y-le-envio-una-fuerte-advertencia\">Estados Unidos acus\u00f3 a Ir\u00e1n de tomar al mundo &#8220;como reh\u00e9n&#8221; con sus ataques y le envi\u00f3 una fuerte advertencia<\/h2>\n\n\n\n<figure class=\"wp-block-image\"><img decoding=\"async\" src=\"https:\/\/tn.com.ar\/resizer\/v2\/el-secretario-de-estado-estadounidense-marco-rubio-en-una-conferencia-junto-al-presidente-donald-trump-foto-reuters-jonathan-ernst-archivo-FRKDVHNKJZCY5E2RNUA6LYLU7M.jpg?auth=9cb3b5cd161ce9dd6b6ea662158365d846d0689d8aef832cb622a8f2c8090d84&amp;width=767\" alt=\"El secretario de Estado estadounidense, Marco Rubio, en una conferencia junto al presidente Donald Trump. (Foto: Reuters - Jonathan Ernst - Archivo)\"\/><\/figure>\n\n\n\n<p>El secretario de Estado de Estados Unidos,&nbsp;<strong>Marco Rubio,<\/strong>&nbsp;acus\u00f3 a Ir\u00e1n de tomar al mundo&nbsp;<strong>&#8220;como reh\u00e9n&#8221;&nbsp;<\/strong>con sus ataques e insisti\u00f3 en que Washington avanza en sus objetivos b\u00e9licos. Estados Unidos e Israel atacaron Ir\u00e1n el 28 de febrero y mataron al l\u00edder supremo de la rep\u00fablica isl\u00e1mica, el ayatollah,&nbsp;<strong>Al\u00ed Jamenei.<\/strong><\/p>\n\n\n\n<p>Desde entonces, Ir\u00e1n lanz\u00f3 oleadas de misiles y drones contra Israel y contra las monarqu\u00edas \u00e1rabes del Golfo, e incluso contra Azerbaiy\u00e1n y Chipre, donde hay<strong>&nbsp;bases o fuerzas estadounidenses.&nbsp;<\/strong>&#8220;Creo que todos estamos viendo ahora mismo la amenaza que este r\u00e9gimen clerical representa para la regi\u00f3n y para el mundo. Est\u00e1n tratando de mantener al mundo como reh\u00e9n&#8221;, dijo Rubio en un acto en el Departamento de Estado. &#8220;Est\u00e1n atacando a pa\u00edses vecinos, su infraestructura energ\u00e9tica, su poblaci\u00f3n civil&#8221;, acus\u00f3 Rubio. &#8220;El objetivo de esta misi\u00f3n es<strong>&nbsp;destruir su capacidad de seguir haciendo eso,&nbsp;<\/strong>y estamos bien encaminados para lograrlo&#8221;, advirti\u00f3.<\/p>\n\n\n\n<p>Rubio hizo estas declaraciones en un acto en honor a estadounidenses detenidos injustamente y a rehenes. Lo acompa\u00f1aban familiares de Robert Levinson, un exagente del FBI que desapareci\u00f3 en 2007 en la isla iran\u00ed de Kish. Estados Unidos concluy\u00f3 en 2020 que el gobierno iran\u00ed estuvo implicado en su presunta muerte. Levinson estaba oficialmente en una misi\u00f3n para investigar la falsificaci\u00f3n de cigarrillos, aunque&nbsp;<em>The Washington Post&nbsp;<\/em>inform\u00f3 en 2013 que hab\u00eda estado trabajando con la CIA y que hab\u00eda emprendido una misi\u00f3n no autorizada para recabar inteligencia. Su caso es &#8220;un recordatorio particular de la naturaleza del r\u00e9gimen con el que estamos lidiando en Teher\u00e1n&#8221;, dijo Rubio.<\/p>\n","protected":false},"excerpt":{"rendered":"<p>El presidente de Estados Unidos&nbsp;Donald&nbsp;Trump&nbsp;critic\u00f3 la designaci\u00f3n de&nbsp;Motjaba Jamenei&nbsp;como l\u00edder supremo de Ir\u00e1n:&nbsp;&#8220;No estoy contento&#8221;.&nbsp;El presidente de Estados Unidos hab\u00eda lanzado&nbsp;fuertes advertencias&nbsp;a Teher\u00e1n, al plantear que el nuevo jefe del&hellip; <\/p>\n","protected":false},"author":8,"featured_media":248667,"comment_status":"closed","ping_status":"open","sticky":false,"template":"","format":"standard","meta":{"footnotes":""},"categories":[11],"tags":[],"class_list":["post-248666","post","type-post","status-publish","format-standard","has-post-thumbnail","hentry","category-internacionales"],"_links":{"self":[{"href":"https:\/\/corrientesdetarde.com\/index.php\/wp-json\/wp\/v2\/posts\/248666","targetHints":{"allow":["GET"]}}],"collection":[{"href":"https:\/\/corrientesdetarde.com\/index.php\/wp-json\/wp\/v2\/posts"}],"about":[{"href":"https:\/\/corrientesdetarde.com\/index.php\/wp-json\/wp\/v2\/types\/post"}],"author":[{"embeddable":true,"href":"https:\/\/corrientesdetarde.com\/index.php\/wp-json\/wp\/v2\/users\/8"}],"replies":[{"embeddable":true,"href":"https:\/\/corrientesdetarde.com\/index.php\/wp-json\/wp\/v2\/comments?post=248666"}],"version-history":[{"count":1,"href":"https:\/\/corrientesdetarde.com\/index.php\/wp-json\/wp\/v2\/posts\/248666\/revisions"}],"predecessor-version":[{"id":248668,"href":"https:\/\/corrientesdetarde.com\/index.php\/wp-json\/wp\/v2\/posts\/248666\/revisions\/248668"}],"wp:featuredmedia":[{"embeddable":true,"href":"https:\/\/corrientesdetarde.com\/index.php\/wp-json\/wp\/v2\/media\/248667"}],"wp:attachment":[{"href":"https:\/\/corrientesdetarde.com\/index.php\/wp-json\/wp\/v2\/media?parent=248666"}],"wp:term":[{"taxonomy":"category","embeddable":true,"href":"https:\/\/corrientesdetarde.com\/index.php\/wp-json\/wp\/v2\/categories?post=248666"},{"taxonomy":"post_tag","embeddable":true,"href":"https:\/\/corrientesdetarde.com\/index.php\/wp-json\/wp\/v2\/tags?post=248666"}],"curies":[{"name":"wp","href":"https:\/\/api.w.org\/{rel}","templated":true}]}}