{"id":248676,"date":"2026-03-09T15:09:32","date_gmt":"2026-03-09T18:09:32","guid":{"rendered":"https:\/\/corrientesdetarde.com\/?p=248676"},"modified":"2026-03-09T15:15:26","modified_gmt":"2026-03-09T18:15:26","slug":"la-delegacion-de-operadores-turisticos-inicia-su-recorrido-promocional-y-comercial-hacia-brasil","status":"publish","type":"post","link":"https:\/\/corrientesdetarde.com\/index.php\/turismo\/la-delegacion-de-operadores-turisticos-inicia-su-recorrido-promocional-y-comercial-hacia-brasil\/","title":{"rendered":"La delegaci\u00f3n de operadores tur\u00edsticos inicia su recorrido promocional y comercial hacia Brasil"},"content":{"rendered":"\n<p>Con tres actividades centrales en la ciudad de San Pablo, Brasil, un grupo de operadores tur\u00edsticos de distintos puntos de la provincia inicia su derrotero hacia uno de los principales mercados emisores de pescadores deportivos y turistas en general. El micro de la delegaci\u00f3n parti\u00f3 este mediod\u00eda con prestadores de servicios de Capital, Empedrado y Esquina, mientras que en su recorrido se ir\u00e1n incorporando empresarios tur\u00edsticos de los municipios de Paso de la Patria, Yahap\u00e9, It\u00e1 Ibat\u00e9 e Ituzaing\u00f3.<\/p>\n\n\n\n<p>El equipo t\u00e9cnico del Ministerio de Turismo de la provincia coordina el grupo del que tambi\u00e9n participar\u00e1n funcionarios de turismo y la representante de la Fiesta Nacional de Pesca del Dorado.<\/p>\n\n\n\n<p>Precisamente, instantes antes de la partida uno de los referentes de Paso de la Patria, Iv\u00e1n Calia de Jard\u00edn del Paran\u00e1 sostuvo que es su cuarta vez en participar de este encuentro de pescadores y operadores. \u201cLa verdad que es algo muy importante que la provincia nos tenga en cuenta siempre, en esta oportunidad aportando un micro para ir todos juntos, donde se hace tambi\u00e9n una suerte de camarader\u00eda durante el viaje, adem\u00e1s de disponer en la feria de un stand institucional\u201d, puntualiz\u00f3.<\/p>\n\n\n\n<p>En cuanto a sus expectativas se\u00f1al\u00f3 que lo primordial es seguir fortaleciendo el lazo entre el p\u00fablico brasilero, que es nuestro mayor consumidor de pesca ac\u00e1 en la regi\u00f3n y continuar fortaleci\u00e9ndonos entre nosotros y como provincia receptora tambi\u00e9n de turismo. \u201cLa verdad que eso es algo que se viene trabajando hace mucho tiempo y se viene viendo los resultados de avance en este aspecto\u201d, agreg\u00f3 Calia.<\/p>\n\n\n\n<p>Por su parte, Julia \u201cTonina\u201d Viola del emprendimiento Moroko Pesca de Empedrado indic\u00f3 que es la primera vez en participar en la feria Trade Show, &nbsp;\u201csiempre lo vimos por TV, as\u00ed que ahora gracias al Gobierno y el Ministerio de Turismo tenemos la oportunidad de participar, estamos s\u00faper contentos, ansiosos, preparamos toda la info para captar ese mercado\u201d, enfatiz\u00f3.<\/p>\n\n\n\n<p>Moroko trabaja en el sector pesquero hace m\u00e1s de 15 a\u00f1os, es referente de la pesca en Empedrado con lo cual crecen las expectativas &nbsp;ya que se trata de una cartera de clientes muy importante. Al respecto, indic\u00f3: actualmente tenemos clientes de Brasil, gente que viene con grupo numeroso en colectivo completo, tenemos la expectativa de captar a otras empresas.<\/p>\n\n\n\n<p>Asimismo, la prestadora de servicio dijo que adem\u00e1s de la Feria en s\u00ed, la posibilidad de la presentaci\u00f3n con rondas de negocios, abre tambi\u00e9n el mercado brasilero para potenciar un poco el flujo de turistas hacia Corrientes. \u201cEso nos impulsa a nosotros a elevar el nivel de Empedrado, porque estamos codo a codo con los otros destinos de la provincia que son muy importantes, entonces nos vemos obligados impl\u00edcitamente a que todo sea mejor porque estamos teniendo una visibilidad muy importante, y tenemos que estar acordes a la exigencia\u201d, explic\u00f3.<\/p>\n\n\n\n<p>Por \u00faltimo, destac\u00f3 el hecho de trabajar como una zona relacionada donde se hace necesario incentivar y trasladar a los turistas por los diferentes destinos. El pescado o el pique, a veces est\u00e1n en un lugar u otro as\u00ed como sucede con el tema del agua, entonces la idea es poder hacerlos rotar de un destino al otro.<\/p>\n\n\n\n<p><\/p>\n","protected":false},"excerpt":{"rendered":"<p>Con tres actividades centrales en la ciudad de San Pablo, Brasil, un grupo de operadores tur\u00edsticos de distintos puntos de la provincia inicia su derrotero hacia uno de los principales&hellip; <\/p>\n","protected":false},"author":8,"featured_media":248677,"comment_status":"closed","ping_status":"open","sticky":false,"template":"","format":"standard","meta":{"footnotes":""},"categories":[31],"tags":[],"class_list":["post-248676","post","type-post","status-publish","format-standard","has-post-thumbnail","hentry","category-turismo"],"_links":{"self":[{"href":"https:\/\/corrientesdetarde.com\/index.php\/wp-json\/wp\/v2\/posts\/248676","targetHints":{"allow":["GET"]}}],"collection":[{"href":"https:\/\/corrientesdetarde.com\/index.php\/wp-json\/wp\/v2\/posts"}],"about":[{"href":"https:\/\/corrientesdetarde.com\/index.php\/wp-json\/wp\/v2\/types\/post"}],"author":[{"embeddable":true,"href":"https:\/\/corrientesdetarde.com\/index.php\/wp-json\/wp\/v2\/users\/8"}],"replies":[{"embeddable":true,"href":"https:\/\/corrientesdetarde.com\/index.php\/wp-json\/wp\/v2\/comments?post=248676"}],"version-history":[{"count":2,"href":"https:\/\/corrientesdetarde.com\/index.php\/wp-json\/wp\/v2\/posts\/248676\/revisions"}],"predecessor-version":[{"id":248679,"href":"https:\/\/corrientesdetarde.com\/index.php\/wp-json\/wp\/v2\/posts\/248676\/revisions\/248679"}],"wp:featuredmedia":[{"embeddable":true,"href":"https:\/\/corrientesdetarde.com\/index.php\/wp-json\/wp\/v2\/media\/248677"}],"wp:attachment":[{"href":"https:\/\/corrientesdetarde.com\/index.php\/wp-json\/wp\/v2\/media?parent=248676"}],"wp:term":[{"taxonomy":"category","embeddable":true,"href":"https:\/\/corrientesdetarde.com\/index.php\/wp-json\/wp\/v2\/categories?post=248676"},{"taxonomy":"post_tag","embeddable":true,"href":"https:\/\/corrientesdetarde.com\/index.php\/wp-json\/wp\/v2\/tags?post=248676"}],"curies":[{"name":"wp","href":"https:\/\/api.w.org\/{rel}","templated":true}]}}