{"id":248680,"date":"2026-03-09T15:20:12","date_gmt":"2026-03-09T18:20:12","guid":{"rendered":"https:\/\/corrientesdetarde.com\/?p=248680"},"modified":"2026-03-09T15:20:19","modified_gmt":"2026-03-09T18:20:19","slug":"en-hospitales-se-haran-controles-para-detectar-glaucoma","status":"publish","type":"post","link":"https:\/\/corrientesdetarde.com\/index.php\/bienestar-y-salud\/en-hospitales-se-haran-controles-para-detectar-glaucoma\/","title":{"rendered":"En hospitales se har\u00e1n controles para detectar Glaucoma"},"content":{"rendered":"\n<p><em>Centros de salud se suman a la campa\u00f1a nacional que busca identificar la enfermedad neurodegenerativa, principal causa de ceguera irreversible.<\/em><\/p>\n\n\n\n<p>En el marco del D\u00eda Mundial del Glaucoma, que es el 12 de marzo, en hospitales que dependen del Ministerio de Salud P\u00fablica a cargo de Emilio Lanari Zubiaur, se realizar\u00e1n acciones de control y prevenci\u00f3n. Cabe indicar que se trata de una enfermedad neurodegenerativa, principal causa de ceguera irreversible en el mundo.<\/p>\n\n\n\n<p>El viernes 13 de marzo, el Hospital Geri\u00e1trico\u201d Juana F. Cabral\u201d participar\u00e1 de la Campa\u00f1a Nacional de Detecci\u00f3n del Glaucoma, que est\u00e1 destinada al adulto mayor. La actividad, llevar\u00e1 adelante el Servicio de Oftalmolog\u00eda coordinado por Mariel Fern\u00e1ndez March, de 8 a 12. &nbsp;<\/p>\n\n\n\n<p>La modalidad de atenci\u00f3n ser\u00e1 por orden de llegada a partir de las 8, en Belgrano 1353. Los participantes deben anotarse al llegar en la secretaria de Consultorios Externos del nosocomio, primer piso.<\/p>\n\n\n\n<p>Por otra parte, en esa misma fecha, el hospital A. I. de Llano, tambi\u00e9n se suma a dicha campa\u00f1a. La jornada ser\u00e1 de 8 a 12.30 y se atender\u00e1 por orden de llegada en el Servicio de Oftalmolog\u00eda. El control, es exclusivo para pacientes que no saben si tienen Glaucoma.<\/p>\n\n\n\n<p>El objetivo es detectar en sus inicios para que, con el tratamiento adecuado el paciente, conserve la visi\u00f3n. Es una enfermedad neurodegenerativa cr\u00f3nica que produce aumento de la presi\u00f3n intraocular, y provoca perdida de la visi\u00f3n progresiva que puede llevar a la ceguera. El tratamiento es sencillo muy eficaz y permite llevar una vida normal.<\/p>\n\n\n\n<p>El examen de detecci\u00f3n es r\u00e1pido e indoloro, se observar\u00e1 el fondo del ojo y se medir\u00e1 la presi\u00f3n intraocular, si se detectan posibles s\u00edntomas, el profesional le indicar\u00e1 otro tipo de estudios seg\u00fan el caso en particular.<\/p>\n\n\n\n<p>A su vez, se recomienda realizar el chequeo, a personas con antecedentes familiares, alta presi\u00f3n intraocular, diabetes o hipertensi\u00f3n.<\/p>\n","protected":false},"excerpt":{"rendered":"<p>Centros de salud se suman a la campa\u00f1a nacional que busca identificar la enfermedad neurodegenerativa, principal causa de ceguera irreversible. En el marco del D\u00eda Mundial del Glaucoma, que es&hellip; <\/p>\n","protected":false},"author":8,"featured_media":248681,"comment_status":"closed","ping_status":"open","sticky":false,"template":"","format":"standard","meta":{"footnotes":""},"categories":[16],"tags":[],"class_list":["post-248680","post","type-post","status-publish","format-standard","has-post-thumbnail","hentry","category-bienestar-y-salud"],"_links":{"self":[{"href":"https:\/\/corrientesdetarde.com\/index.php\/wp-json\/wp\/v2\/posts\/248680","targetHints":{"allow":["GET"]}}],"collection":[{"href":"https:\/\/corrientesdetarde.com\/index.php\/wp-json\/wp\/v2\/posts"}],"about":[{"href":"https:\/\/corrientesdetarde.com\/index.php\/wp-json\/wp\/v2\/types\/post"}],"author":[{"embeddable":true,"href":"https:\/\/corrientesdetarde.com\/index.php\/wp-json\/wp\/v2\/users\/8"}],"replies":[{"embeddable":true,"href":"https:\/\/corrientesdetarde.com\/index.php\/wp-json\/wp\/v2\/comments?post=248680"}],"version-history":[{"count":1,"href":"https:\/\/corrientesdetarde.com\/index.php\/wp-json\/wp\/v2\/posts\/248680\/revisions"}],"predecessor-version":[{"id":248682,"href":"https:\/\/corrientesdetarde.com\/index.php\/wp-json\/wp\/v2\/posts\/248680\/revisions\/248682"}],"wp:featuredmedia":[{"embeddable":true,"href":"https:\/\/corrientesdetarde.com\/index.php\/wp-json\/wp\/v2\/media\/248681"}],"wp:attachment":[{"href":"https:\/\/corrientesdetarde.com\/index.php\/wp-json\/wp\/v2\/media?parent=248680"}],"wp:term":[{"taxonomy":"category","embeddable":true,"href":"https:\/\/corrientesdetarde.com\/index.php\/wp-json\/wp\/v2\/categories?post=248680"},{"taxonomy":"post_tag","embeddable":true,"href":"https:\/\/corrientesdetarde.com\/index.php\/wp-json\/wp\/v2\/tags?post=248680"}],"curies":[{"name":"wp","href":"https:\/\/api.w.org\/{rel}","templated":true}]}}