{"id":248686,"date":"2026-03-09T15:27:14","date_gmt":"2026-03-09T18:27:14","guid":{"rendered":"https:\/\/corrientesdetarde.com\/?p=248686"},"modified":"2026-03-09T15:27:45","modified_gmt":"2026-03-09T18:27:45","slug":"el-ministro-chavez-recorrio-el-inta-bella-vista-y-destaco-el-trabajo-cientifico-al-servicio-de-los-productores","status":"publish","type":"post","link":"https:\/\/corrientesdetarde.com\/index.php\/informacion-general\/el-ministro-chavez-recorrio-el-inta-bella-vista-y-destaco-el-trabajo-cientifico-al-servicio-de-los-productores\/","title":{"rendered":"El ministro Chavez recorri\u00f3 el INTA Bella Vista y destac\u00f3 el trabajo cient\u00edfico al servicio de los productores"},"content":{"rendered":"\n<p><em>Durante la visita, el ministro de Producci\u00f3n de Corrientes valor\u00f3 el nivel t\u00e9cnico de los laboratorios y los proyectos que se desarrollan en conjunto con el Gobierno provincial, especialmente en sanidad citr\u00edcola y hort\u00edcola, mejoramiento gen\u00e9tico forestal y transferencia tecnol\u00f3gica al sector productivo.<\/em><\/p>\n\n\n\n<p>El ministro de Producci\u00f3n de Corrientes, Walter Chavez, junto a su gabinete, el director del INTA Regional, M.V Jos\u00e9 Rafart, el director de la Experimental del INTA Bella Vista, Ing. Ftal. Federico Caniza realizaron una recorrida por la Estaci\u00f3n Experimental del INTA Bella Vista con el objetivo de interiorizarse sobre los trabajos de investigaci\u00f3n, desarrollo y transferencia tecnol\u00f3gica que llevan adelante los t\u00e9cnicos de la instituci\u00f3n.<\/p>\n\n\n\n<p>Durante la visita, el funcionario provincial destac\u00f3 la capacidad cient\u00edfica del organismo y el aporte que realiza al desarrollo productivo de la provincia, al tiempo que remarc\u00f3 la importancia de la articulaci\u00f3n entre el Estado provincial y el sistema cient\u00edfico\u2013tecnol\u00f3gico.<\/p>\n\n\n\n<p>El ministro Chavez, se\u00f1al\u00f3 que muchas de las tareas investigativas que se realizan en Bella Vista son consultados desde distintas regiones del pa\u00eds, lo que posiciona a la estaci\u00f3n experimental como un centro de referencia nacional en diversas \u00e1reas de investigaci\u00f3n.<\/p>\n\n\n\n<p>Uno de los aspectos destacados durante la recorrida fue el trabajo que se realiza en el control biol\u00f3gico de plagas que afectan a los c\u00edtricos, una problem\u00e1tica que comenz\u00f3 a tomar relevancia alrededor del a\u00f1o 2017.<\/p>\n\n\n\n<p>En ese sentido, Chavez explic\u00f3 que en uno de los laboratorios funciona una biof\u00e1brica donde se produce un insecto llamado tamarixia que permite controlar al vector que transmite la enfermedad conocida como HLB, principal amenaza para la citricultura.<\/p>\n\n\n\n<p>Desde el INTA destacaron que esta biof\u00e1brica es actualmente la \u00fanica del pa\u00eds dedicada a la producci\u00f3n de este agente biol\u00f3gico, convirti\u00e9ndose en una herramienta clave para proteger la producci\u00f3n citr\u00edcola.<\/p>\n\n\n\n<p>Durante la visita tambi\u00e9n se presentaron los avances en el Banco Yemero, una herramienta estrat\u00e9gica para el desarrollo de los planes citr\u00edcolas de la provincia. El Gobierno de Corrientes est\u00e1 pr\u00f3ximo a realizar una nueva inversi\u00f3n para fortalecer este sistema destinado a producir aproximadamente 130 mil yemas certificadas durante el pr\u00f3ximo a\u00f1o, que luego ser\u00e1n distribuidas a viveristas para impulsar el Plan Naranja.<\/p>\n\n\n\n<p>\u201cEl INTA siempre acompa\u00f1a las pol\u00edticas productivas de la provincia y la idea es fortalecer el Banco Yemero para que el productor tenga acceso a tecnolog\u00eda disponible y material vegetal de calidad\u201d, indicaron desde la instituci\u00f3n.<\/p>\n\n\n\n<p>Otro de los espacios que gener\u00f3 inter\u00e9s durante la recorrida fue el laboratorio forestal que funciona en la experimental y que trabaja en mejoramiento gen\u00e9tico y desarrollo tecnol\u00f3gico para la actividad foresto\u2013industrial.<\/p>\n\n\n\n<p>En este sentido, el funcionario provincial destac\u00f3 que \u201ces un laboratorio muy importante, incluso \u00fanico en su tipo, que est\u00e1 al servicio de los productores. La actividad forestal es una de las principales producciones de Corrientes y es fundamental que estas herramientas tecnol\u00f3gicas lleguen al sector\u201d.<\/p>\n\n\n\n<p>Durante la recorrida tambi\u00e9n se abordaron otras l\u00edneas de trabajo que desarrolla el INTA Bella Vista, como proyectos vinculados al aprovechamiento integral de la producci\u00f3n de batata, el desarrollo de bioinsumos para horticultura bajo invernadero y la generaci\u00f3n de tecnolog\u00edas que permitan mejorar la productividad y reducir costos.<\/p>\n\n\n\n<p>Desde la instituci\u00f3n destacaron que muchos de estos proyectos se desarrollan en articulaci\u00f3n con escuelas agrot\u00e9cnicas, asociaciones cooperadoras y productores de la regi\u00f3n.<\/p>\n\n\n\n<figure class=\"wp-block-image size-large\"><img loading=\"lazy\" decoding=\"async\" width=\"1024\" height=\"607\" src=\"https:\/\/corrientesdetarde.com\/wp-content\/uploads\/2026\/03\/image-216-1024x607.png\" alt=\"\" class=\"wp-image-248688\" srcset=\"https:\/\/corrientesdetarde.com\/wp-content\/uploads\/2026\/03\/image-216-1024x607.png 1024w, https:\/\/corrientesdetarde.com\/wp-content\/uploads\/2026\/03\/image-216-300x178.png 300w, https:\/\/corrientesdetarde.com\/wp-content\/uploads\/2026\/03\/image-216-768x456.png 768w, https:\/\/corrientesdetarde.com\/wp-content\/uploads\/2026\/03\/image-216-1536x911.png 1536w, https:\/\/corrientesdetarde.com\/wp-content\/uploads\/2026\/03\/image-216.png 1600w\" sizes=\"auto, (max-width: 1024px) 100vw, 1024px\" \/><\/figure>\n\n\n\n<figure class=\"wp-block-image size-large\"><img loading=\"lazy\" decoding=\"async\" width=\"1024\" height=\"683\" src=\"https:\/\/corrientesdetarde.com\/wp-content\/uploads\/2026\/03\/image-217-1024x683.png\" alt=\"\" class=\"wp-image-248689\" srcset=\"https:\/\/corrientesdetarde.com\/wp-content\/uploads\/2026\/03\/image-217-1024x683.png 1024w, https:\/\/corrientesdetarde.com\/wp-content\/uploads\/2026\/03\/image-217-300x200.png 300w, https:\/\/corrientesdetarde.com\/wp-content\/uploads\/2026\/03\/image-217-768x512.png 768w, https:\/\/corrientesdetarde.com\/wp-content\/uploads\/2026\/03\/image-217.png 1500w\" sizes=\"auto, (max-width: 1024px) 100vw, 1024px\" \/><\/figure>\n\n\n\n<figure class=\"wp-block-image size-large\"><img loading=\"lazy\" decoding=\"async\" width=\"1024\" height=\"791\" src=\"https:\/\/corrientesdetarde.com\/wp-content\/uploads\/2026\/03\/image-218-1024x791.png\" alt=\"\" class=\"wp-image-248690\" srcset=\"https:\/\/corrientesdetarde.com\/wp-content\/uploads\/2026\/03\/image-218-1024x791.png 1024w, https:\/\/corrientesdetarde.com\/wp-content\/uploads\/2026\/03\/image-218-300x232.png 300w, https:\/\/corrientesdetarde.com\/wp-content\/uploads\/2026\/03\/image-218-768x593.png 768w, https:\/\/corrientesdetarde.com\/wp-content\/uploads\/2026\/03\/image-218.png 1295w\" sizes=\"auto, (max-width: 1024px) 100vw, 1024px\" \/><\/figure>\n\n\n\n<figure class=\"wp-block-image size-large\"><img loading=\"lazy\" decoding=\"async\" width=\"1024\" height=\"683\" src=\"https:\/\/corrientesdetarde.com\/wp-content\/uploads\/2026\/03\/image-219-1024x683.png\" alt=\"\" class=\"wp-image-248691\" srcset=\"https:\/\/corrientesdetarde.com\/wp-content\/uploads\/2026\/03\/image-219-1024x683.png 1024w, https:\/\/corrientesdetarde.com\/wp-content\/uploads\/2026\/03\/image-219-300x200.png 300w, https:\/\/corrientesdetarde.com\/wp-content\/uploads\/2026\/03\/image-219-768x512.png 768w, https:\/\/corrientesdetarde.com\/wp-content\/uploads\/2026\/03\/image-219.png 1500w\" sizes=\"auto, (max-width: 1024px) 100vw, 1024px\" \/><\/figure>\n\n\n\n<figure class=\"wp-block-image size-large\"><img loading=\"lazy\" decoding=\"async\" width=\"1024\" height=\"683\" src=\"https:\/\/corrientesdetarde.com\/wp-content\/uploads\/2026\/03\/image-220-1024x683.png\" alt=\"\" class=\"wp-image-248692\" srcset=\"https:\/\/corrientesdetarde.com\/wp-content\/uploads\/2026\/03\/image-220-1024x683.png 1024w, https:\/\/corrientesdetarde.com\/wp-content\/uploads\/2026\/03\/image-220-300x200.png 300w, https:\/\/corrientesdetarde.com\/wp-content\/uploads\/2026\/03\/image-220-768x512.png 768w, https:\/\/corrientesdetarde.com\/wp-content\/uploads\/2026\/03\/image-220.png 1500w\" sizes=\"auto, (max-width: 1024px) 100vw, 1024px\" \/><\/figure>\n\n\n\n<figure class=\"wp-block-image size-large\"><img loading=\"lazy\" decoding=\"async\" width=\"1024\" height=\"683\" src=\"https:\/\/corrientesdetarde.com\/wp-content\/uploads\/2026\/03\/image-221-1024x683.png\" alt=\"\" class=\"wp-image-248693\" srcset=\"https:\/\/corrientesdetarde.com\/wp-content\/uploads\/2026\/03\/image-221-1024x683.png 1024w, https:\/\/corrientesdetarde.com\/wp-content\/uploads\/2026\/03\/image-221-300x200.png 300w, https:\/\/corrientesdetarde.com\/wp-content\/uploads\/2026\/03\/image-221-768x512.png 768w, https:\/\/corrientesdetarde.com\/wp-content\/uploads\/2026\/03\/image-221.png 1500w\" sizes=\"auto, (max-width: 1024px) 100vw, 1024px\" \/><\/figure>\n\n\n\n<figure class=\"wp-block-image size-large\"><img loading=\"lazy\" decoding=\"async\" width=\"1024\" height=\"683\" src=\"https:\/\/corrientesdetarde.com\/wp-content\/uploads\/2026\/03\/image-222-1024x683.png\" alt=\"\" class=\"wp-image-248694\" srcset=\"https:\/\/corrientesdetarde.com\/wp-content\/uploads\/2026\/03\/image-222-1024x683.png 1024w, https:\/\/corrientesdetarde.com\/wp-content\/uploads\/2026\/03\/image-222-300x200.png 300w, https:\/\/corrientesdetarde.com\/wp-content\/uploads\/2026\/03\/image-222-768x512.png 768w, https:\/\/corrientesdetarde.com\/wp-content\/uploads\/2026\/03\/image-222.png 1500w\" sizes=\"auto, (max-width: 1024px) 100vw, 1024px\" \/><\/figure>\n\n\n\n<figure class=\"wp-block-image size-large\"><img loading=\"lazy\" decoding=\"async\" width=\"1024\" height=\"683\" src=\"https:\/\/corrientesdetarde.com\/wp-content\/uploads\/2026\/03\/image-223-1024x683.png\" alt=\"\" class=\"wp-image-248695\" srcset=\"https:\/\/corrientesdetarde.com\/wp-content\/uploads\/2026\/03\/image-223-1024x683.png 1024w, https:\/\/corrientesdetarde.com\/wp-content\/uploads\/2026\/03\/image-223-300x200.png 300w, https:\/\/corrientesdetarde.com\/wp-content\/uploads\/2026\/03\/image-223-768x512.png 768w, https:\/\/corrientesdetarde.com\/wp-content\/uploads\/2026\/03\/image-223.png 1500w\" sizes=\"auto, (max-width: 1024px) 100vw, 1024px\" \/><\/figure>\n","protected":false},"excerpt":{"rendered":"<p>Durante la visita, el ministro de Producci\u00f3n de Corrientes valor\u00f3 el nivel t\u00e9cnico de los laboratorios y los proyectos que se desarrollan en conjunto con el Gobierno provincial, especialmente en&hellip; <\/p>\n","protected":false},"author":8,"featured_media":248687,"comment_status":"closed","ping_status":"open","sticky":false,"template":"","format":"standard","meta":{"footnotes":""},"categories":[1],"tags":[],"class_list":["post-248686","post","type-post","status-publish","format-standard","has-post-thumbnail","hentry","category-informacion-general"],"_links":{"self":[{"href":"https:\/\/corrientesdetarde.com\/index.php\/wp-json\/wp\/v2\/posts\/248686","targetHints":{"allow":["GET"]}}],"collection":[{"href":"https:\/\/corrientesdetarde.com\/index.php\/wp-json\/wp\/v2\/posts"}],"about":[{"href":"https:\/\/corrientesdetarde.com\/index.php\/wp-json\/wp\/v2\/types\/post"}],"author":[{"embeddable":true,"href":"https:\/\/corrientesdetarde.com\/index.php\/wp-json\/wp\/v2\/users\/8"}],"replies":[{"embeddable":true,"href":"https:\/\/corrientesdetarde.com\/index.php\/wp-json\/wp\/v2\/comments?post=248686"}],"version-history":[{"count":1,"href":"https:\/\/corrientesdetarde.com\/index.php\/wp-json\/wp\/v2\/posts\/248686\/revisions"}],"predecessor-version":[{"id":248696,"href":"https:\/\/corrientesdetarde.com\/index.php\/wp-json\/wp\/v2\/posts\/248686\/revisions\/248696"}],"wp:featuredmedia":[{"embeddable":true,"href":"https:\/\/corrientesdetarde.com\/index.php\/wp-json\/wp\/v2\/media\/248687"}],"wp:attachment":[{"href":"https:\/\/corrientesdetarde.com\/index.php\/wp-json\/wp\/v2\/media?parent=248686"}],"wp:term":[{"taxonomy":"category","embeddable":true,"href":"https:\/\/corrientesdetarde.com\/index.php\/wp-json\/wp\/v2\/categories?post=248686"},{"taxonomy":"post_tag","embeddable":true,"href":"https:\/\/corrientesdetarde.com\/index.php\/wp-json\/wp\/v2\/tags?post=248686"}],"curies":[{"name":"wp","href":"https:\/\/api.w.org\/{rel}","templated":true}]}}