{"id":248697,"date":"2026-03-09T16:19:42","date_gmt":"2026-03-09T19:19:42","guid":{"rendered":"https:\/\/corrientesdetarde.com\/?p=248697"},"modified":"2026-03-09T16:19:50","modified_gmt":"2026-03-09T19:19:50","slug":"valdes-inicio-reuniones-con-amazon-en-estados-unidos","status":"publish","type":"post","link":"https:\/\/corrientesdetarde.com\/index.php\/actualidad\/valdes-inicio-reuniones-con-amazon-en-estados-unidos\/","title":{"rendered":"Vald\u00e9s inici\u00f3 reuniones con Amazon en Estados Unidos"},"content":{"rendered":"\n<p>El gobernador Juan Pablo Vald\u00e9s, participa del Argentina Week que se lleva a cabo en Nueva York, Estados Unidos. \u201cNuestra provincia tiene mucho para mostrar al mundo\u201d, expres\u00f3 en sus redes sociales.<\/p>\n\n\n\n<p>&#8220;Vamos a mostrar el potencial de Corrientes y a buscar inversiones&#8221;, asegur\u00f3 Vald\u00e9s antes de partir hacia el pa\u00eds del norte. La agenda del gobernador pone especial \u00e9nfasis en sectores clave para la econom\u00eda regional como la forestoindustria, el arroz, la horticultura y la fruticultura, adem\u00e1s de explorar vinculaciones tecnol\u00f3gicas con gigantes como Amazon.<\/p>\n\n\n\n<p>Las actividades comienzan formalmente este lunes a las 19:00 en el Consulado Argentino con una recepci\u00f3n de bienvenida. Sin embargo, el plato fuerte de la misi\u00f3n tendr\u00e1 lugar el martes en la JPMorgan Chase Tower, en el coraz\u00f3n de Manhattan. All\u00ed, el presidente de JPMorgan, Jamie Dimon, presentar\u00e1 a Milei ante un auditorio de inversores globales.<\/p>\n\n\n\n<figure class=\"wp-block-image\"><a href=\"https:\/\/www.radiosudamericana.com\/notix\/multimedia\/imagenes\/fotos\/2026-03-09\/756287.jpg\"><img decoding=\"async\" src=\"https:\/\/www.radiosudamericana.com\/notix\/multimedia\/imagenes\/fotos\/2026-03-09\/756287.jpg_nota.jpg\" alt=\"\"\/><\/a><\/figure>\n\n\n\n<p>Durante la semana, Vald\u00e9s compartir\u00e1 paneles con otros nueve gobernadores aliados \u2014entre ellos Alfredo Cornejo (Mendoza) e Ignacio Torres (Chubut)\u2014, donde se abordar\u00e1n temas de miner\u00eda estrat\u00e9gica y energ\u00eda. El itinerario incluye conversaciones con figuras de la talla de Sir Niall Ferguson y los CEOs globales de firmas como Dow y Baker Hughes.<\/p>\n\n\n\n<p>El mi\u00e9rcoles 11, la actividad se trasladar\u00e1 a la sede del Bank of America, donde el ministro de Econom\u00eda, Luis Caputo, y el presidente del Banco Central, Santiago Bausili, analizar\u00e1n el mercado de capitales argentino.<\/p>\n\n\n\n<p>La misi\u00f3n concluir\u00e1 con un acto en la sede de Microsoft en Times Square, donde se entregar\u00e1n reconocimientos a los denominados &#8220;RIGI Champions&#8221;, representantes del sector privado que apuestan por el R\u00e9gimen de Incentivo para Grandes Inversiones.<\/p>\n\n\n\n<p>Para Vald\u00e9s, esta gira representa una oportunidad central para consolidar a Corrientes como un destino atractivo para el capital extranjero, en un entorno de nuevas reglas de juego geopol\u00edticas.<\/p>\n","protected":false},"excerpt":{"rendered":"<p>El gobernador Juan Pablo Vald\u00e9s, participa del Argentina Week que se lleva a cabo en Nueva York, Estados Unidos. \u201cNuestra provincia tiene mucho para mostrar al mundo\u201d, expres\u00f3 en sus&hellip; <\/p>\n","protected":false},"author":8,"featured_media":248698,"comment_status":"closed","ping_status":"open","sticky":false,"template":"","format":"standard","meta":{"footnotes":""},"categories":[23],"tags":[],"class_list":["post-248697","post","type-post","status-publish","format-standard","has-post-thumbnail","hentry","category-actualidad"],"_links":{"self":[{"href":"https:\/\/corrientesdetarde.com\/index.php\/wp-json\/wp\/v2\/posts\/248697","targetHints":{"allow":["GET"]}}],"collection":[{"href":"https:\/\/corrientesdetarde.com\/index.php\/wp-json\/wp\/v2\/posts"}],"about":[{"href":"https:\/\/corrientesdetarde.com\/index.php\/wp-json\/wp\/v2\/types\/post"}],"author":[{"embeddable":true,"href":"https:\/\/corrientesdetarde.com\/index.php\/wp-json\/wp\/v2\/users\/8"}],"replies":[{"embeddable":true,"href":"https:\/\/corrientesdetarde.com\/index.php\/wp-json\/wp\/v2\/comments?post=248697"}],"version-history":[{"count":1,"href":"https:\/\/corrientesdetarde.com\/index.php\/wp-json\/wp\/v2\/posts\/248697\/revisions"}],"predecessor-version":[{"id":248699,"href":"https:\/\/corrientesdetarde.com\/index.php\/wp-json\/wp\/v2\/posts\/248697\/revisions\/248699"}],"wp:featuredmedia":[{"embeddable":true,"href":"https:\/\/corrientesdetarde.com\/index.php\/wp-json\/wp\/v2\/media\/248698"}],"wp:attachment":[{"href":"https:\/\/corrientesdetarde.com\/index.php\/wp-json\/wp\/v2\/media?parent=248697"}],"wp:term":[{"taxonomy":"category","embeddable":true,"href":"https:\/\/corrientesdetarde.com\/index.php\/wp-json\/wp\/v2\/categories?post=248697"},{"taxonomy":"post_tag","embeddable":true,"href":"https:\/\/corrientesdetarde.com\/index.php\/wp-json\/wp\/v2\/tags?post=248697"}],"curies":[{"name":"wp","href":"https:\/\/api.w.org\/{rel}","templated":true}]}}