{"id":248703,"date":"2026-03-09T16:27:48","date_gmt":"2026-03-09T19:27:48","guid":{"rendered":"https:\/\/corrientesdetarde.com\/?p=248703"},"modified":"2026-03-09T16:27:54","modified_gmt":"2026-03-09T19:27:54","slug":"el-papa-de-ian-lucas-salio-al-cruce-de-evangelina-anderson-lo-ninguneaba-o-lo-escondia","status":"publish","type":"post","link":"https:\/\/corrientesdetarde.com\/index.php\/espectaculos\/el-papa-de-ian-lucas-salio-al-cruce-de-evangelina-anderson-lo-ninguneaba-o-lo-escondia\/","title":{"rendered":"El pap\u00e1 de Ian Lucas sali\u00f3 al cruce de Evangelina Anderson: \u201cLo ninguneaba o lo escond\u00eda\u201d"},"content":{"rendered":"\n<p>En medio de la pol\u00e9mica entre el cantante y la modelo, el hombre habl\u00f3 en los medios y fue contundente.<\/p>\n\n\n\n<p><strong>Ian Lucas y Evangelina Anderson<\/strong>quedaron en el ojo de la tormenta luego de que la modelo negara que tuvieron una relaci\u00f3n. Esto desat\u00f3 fuertes idas y vueltas en los medios y en las redes sociales.<\/p>\n\n\n\n<p>En medio de la pol\u00e9mica, el&nbsp;<strong>pap\u00e1 del cantante<\/strong>&nbsp;<strong>cuestion\u00f3 a Anderson&nbsp;<\/strong>por las actitudes que tuvo con su hijo.&nbsp;<strong>\u201cDel otro lado lo ninguneaban o lo escond\u00edan\u201d<\/strong>, asegur\u00f3.<\/p>\n\n\n\n<p>\u201c\u00c9l es puro sentimiento y puro coraz\u00f3n. Si realmente pas\u00f3 algo, creo que en todo momento cuid\u00f3 de la otra persona. Si sinti\u00f3 algo con esta chica, est\u00e1 todo bien, pero creo que en un momento&nbsp;<strong>par\u00f3 el carro diciendo \u2018no soy ning\u00fan pendejo\u2019<\/strong>\u201d, analiz\u00f3 el pap\u00e1 de Ian Lucas en<em>&nbsp;Intrusos (Am\u00e9rica)<\/em>.<\/p>\n\n\n\n<figure class=\"wp-block-image\"><img decoding=\"async\" src=\"https:\/\/tn.com.ar\/resizer\/v2\/el-papa-de-ian-lucas-hablo-sobre-evangelina-anderson-foto-captura-america-6XHMWPIO3VGHFJ5MKHLVAKNZTI.jpg?auth=cd5693cc07a39f9312344a1936977327042dff5eaa035b17bdad174e5729ebb8&amp;width=767\" alt=\"El pap\u00e1 de Ian Lucas habl\u00f3 sobre Evangelina Anderson. (Foto: Captura Am\u00e9rica)\"\/><\/figure>\n\n\n\n<p>En ese sentido, resalt\u00f3 c\u00f3mo fue el trato de su hijo con la modelo y sum\u00f3: \u201cEn todo momento<strong>&nbsp;se manej\u00f3 como un caballero.&nbsp;<\/strong>Si con esta chica en su momento pas\u00f3 algo y no lo puede blanquear, Ian creo que va a seguir otro camino y va a estar todo bien\u201d.<\/p>\n\n\n\n<p>Por otro lado, reconoci\u00f3 que existi\u00f3 un v\u00ednculo entre ambos. \u201cS\u00e9 que hubo idas y vueltas en la casa de Ian,&nbsp;<strong>no es como dicen que el pibe se enamor\u00f3, del otro lado tambi\u00e9n hubo un flechazo.<\/strong>&nbsp;Si la dej\u00f3 de seguir, debe ser porque le golpe\u00f3 los sentimientos\u201d.<\/p>\n\n\n\n<p>\u201cSi no lo supieron valorar en su momento, por algo se cort\u00f3 con un dejar de seguir y ya est\u00e1. Lo que es el amor quiz\u00e1s se termin\u00f3. S\u00ed&nbsp;<strong>se respeta a Evangelina por toda la situaci\u00f3n<\/strong>&nbsp;que est\u00e1 pasando y la entiendo, pero&nbsp;<strong>tampoco que lo deje como un boludo a mi hijo<\/strong>\u201c, concluy\u00f3.<\/p>\n\n\n\n<h2 class=\"wp-block-heading\">Las fotos que confirmar\u00edan que Ian Lucas y Evangelina Anderson tuvieron un romance<\/h2>\n\n\n\n<p>En medio de la pol\u00e9mica por el enfrentamiento de\u00a0<strong>Ian Lucas y Evangelina Anderson<\/strong>, salieron a la luz im\u00e1genes de ellos a los besos que confirman que tuvieron una relaci\u00f3n amorosa.<\/p>\n\n\n\n<figure class=\"wp-block-image\"><img decoding=\"async\" src=\"https:\/\/tn.com.ar\/resizer\/v2\/ian-lucas-y-evangelina-anderson-a-los-besos-foto-captura-america-PRA3G6PO7NAIXHFXXOH7P5KEWY.jpeg?auth=8898afd742aa02b62521a395fa39de3ca1d12d47e1af9cf62d40c985370ae748&amp;width=767\" alt=\"Ian Lucas y Evangelina Anderson a los besos. (Foto: Captura Am\u00e9rica)\"\/><\/figure>\n\n\n\n<p>Las im\u00e1genes se dieron a conocer en&nbsp;<em>SQP (Am\u00e9rica)&nbsp;<\/em>y se puede ver a&nbsp;<strong>la modelo y al cantante a los besos&nbsp;<\/strong>tanto a la salida de un boliche como en las grabaciones de&nbsp;<em>MasterChef Celebrity (Telefe).<\/em><\/p>\n\n\n\n<p><strong>\u201cHubo un v\u00ednculo, eran exclusivos. Estaban juntos, sal\u00edan, y todo el mundo sab\u00eda\u201d<\/strong>, afirm\u00f3 Yanina Latorre al mostrar las im\u00e1genes, confirmando que existi\u00f3 una relaci\u00f3n.<\/p>\n\n\n\n<figure class=\"wp-block-image\"><img decoding=\"async\" src=\"https:\/\/tn.com.ar\/resizer\/v2\/una-de-las-fotos-de-ian-lucas-y-evangelina-anderson-a-los-besos-foto-sqp-5UB2XXPKPRBPPFJLXZ2D22IRFE.jpg?auth=abe9544c37f9e70f7b97ce10a6888ca84c8eec7cc3afd05f04ce1da5b53860a9&amp;width=767\" alt=\"Una de las fotos de Ian Lucas y Evangelina Anderson a los besos. (Foto: SQP)\"\/><\/figure>\n","protected":false},"excerpt":{"rendered":"<p>En medio de la pol\u00e9mica entre el cantante y la modelo, el hombre habl\u00f3 en los medios y fue contundente. Ian Lucas y Evangelina Andersonquedaron en el ojo de la&hellip; <\/p>\n","protected":false},"author":8,"featured_media":248704,"comment_status":"closed","ping_status":"open","sticky":false,"template":"","format":"standard","meta":{"footnotes":""},"categories":[19],"tags":[],"class_list":["post-248703","post","type-post","status-publish","format-standard","has-post-thumbnail","hentry","category-espectaculos"],"_links":{"self":[{"href":"https:\/\/corrientesdetarde.com\/index.php\/wp-json\/wp\/v2\/posts\/248703","targetHints":{"allow":["GET"]}}],"collection":[{"href":"https:\/\/corrientesdetarde.com\/index.php\/wp-json\/wp\/v2\/posts"}],"about":[{"href":"https:\/\/corrientesdetarde.com\/index.php\/wp-json\/wp\/v2\/types\/post"}],"author":[{"embeddable":true,"href":"https:\/\/corrientesdetarde.com\/index.php\/wp-json\/wp\/v2\/users\/8"}],"replies":[{"embeddable":true,"href":"https:\/\/corrientesdetarde.com\/index.php\/wp-json\/wp\/v2\/comments?post=248703"}],"version-history":[{"count":1,"href":"https:\/\/corrientesdetarde.com\/index.php\/wp-json\/wp\/v2\/posts\/248703\/revisions"}],"predecessor-version":[{"id":248705,"href":"https:\/\/corrientesdetarde.com\/index.php\/wp-json\/wp\/v2\/posts\/248703\/revisions\/248705"}],"wp:featuredmedia":[{"embeddable":true,"href":"https:\/\/corrientesdetarde.com\/index.php\/wp-json\/wp\/v2\/media\/248704"}],"wp:attachment":[{"href":"https:\/\/corrientesdetarde.com\/index.php\/wp-json\/wp\/v2\/media?parent=248703"}],"wp:term":[{"taxonomy":"category","embeddable":true,"href":"https:\/\/corrientesdetarde.com\/index.php\/wp-json\/wp\/v2\/categories?post=248703"},{"taxonomy":"post_tag","embeddable":true,"href":"https:\/\/corrientesdetarde.com\/index.php\/wp-json\/wp\/v2\/tags?post=248703"}],"curies":[{"name":"wp","href":"https:\/\/api.w.org\/{rel}","templated":true}]}}