{"id":248706,"date":"2026-03-09T16:30:40","date_gmt":"2026-03-09T19:30:40","guid":{"rendered":"https:\/\/corrientesdetarde.com\/?p=248706"},"modified":"2026-03-09T16:30:52","modified_gmt":"2026-03-09T19:30:52","slug":"medio-oriente-el-g7-anuncio-que-usara-todas-las-herramienta-necesarias-para-contener-la-suba-del-petroleo","status":"publish","type":"post","link":"https:\/\/corrientesdetarde.com\/index.php\/internacionales\/medio-oriente-el-g7-anuncio-que-usara-todas-las-herramienta-necesarias-para-contener-la-suba-del-petroleo\/","title":{"rendered":"Medio Oriente: el G7 anunci\u00f3 que usar\u00e1 todas las herramienta necesarias para contener la suba del petr\u00f3leo"},"content":{"rendered":"\n<p>Los ministros de Finanzas del grupo analizaron la crisis internacional en un encuentro virtual. \u201cAcordamos utilizar cualquier instrumento para estabilizar el mercado, incluida la posible liberaci\u00f3n de las reservas necesarias\u201d, dijo el funcionario franc\u00e9s<\/p>\n\n\n\n<p>Los ministros de Finanzas del G7 est\u00e1n \u201clistos\u201d para utilizar las reservas estrat\u00e9gicas de petr\u00f3leo para paliar\u00a0el alza del precio del crudo\u00a0derivada de\u00a0la guerra en Oriente Medio, pero \u201ca\u00fan no\u201d. Lo anunci\u00f3 el gobierno de Francia.<\/p>\n\n\n\n<p>Seg\u00fan el ministro franc\u00e9s de Finanzas,<strong>&nbsp;Roland Lescure<\/strong>, el G7 \u201ca\u00fan no ha llegado a ese punto\u201d en lo que respecta a la posible liberaci\u00f3n de reservas estrat\u00e9gicas de petr\u00f3leo.<\/p>\n\n\n\n<p>\u201cLo que hemos acordado es utilizar cualquier herramienta necesaria, si hiciera falta, para estabilizar el mercado, incluida la posible liberaci\u00f3n de las reservas necesarias\u201d, dijo. Adem\u00e1s, afirm\u00f3: \u201cVamos a seguir la situaci\u00f3n de cerca, estamos listos para tomar todas las medidas necesarias\u201d.<\/p>\n\n\n\n<h2 class=\"wp-block-heading\">El G7 busca consenso<\/h2>\n\n\n\n<p>En un encuentro por videoconferencia, los ministros de Estados Unidos, Jap\u00f3n, Canad\u00e1, el Reino Unido, Francia, Alemania e Italia buscaron una respuesta com\u00fan.<\/p>\n\n\n\n<p>En Bruselas, la Comisi\u00f3n Europea estim\u00f3 este lunes que no hay riesgo de \u201cescasez inminente de suministro de petr\u00f3leo en Europa\u201d.<\/p>\n\n\n\n<figure class=\"wp-block-image\"><img decoding=\"async\" src=\"https:\/\/tn.com.ar\/resizer\/v2\/los-precios-de-la-gasolina-en-una-gasolinera-en-francfort-alemania-el-5-de-marzo-del-2026-ap-fotomichael-probst-3RGE3QZWUKQIZNAUBVBW7QVVA4.jpg?auth=45cfeb229541e582249ab5944d71acdd8d7bf137a1461335d240bb0ef7301d75&amp;width=767\" alt=\"Los precios de la gasolina en una gasolinera en Fr\u00e1ncfort, Alemania, el 5 de marzo del 2026. (AP foto\/Michael Probst)\"\/><\/figure>\n\n\n\n<p>\u201cTodos los Estados miembros deben disponer de existencias de emergencia para 90 d\u00edas (&#8230;) Los Estados miembros deber\u00e1n informar a la Comisi\u00f3n cuando liberen estas reservas. Hasta donde sabemos, ning\u00fan Estado miembro lo ha hecho hasta ahora\u201d, indic\u00f3 una portavoz.<\/p>\n\n\n\n<p>Europa, Jap\u00f3n y Canad\u00e1 est\u00e1n pendientes de las intenciones de Estados Unidos.<\/p>\n\n\n\n<p>Por el momento, el secretario estadounidense del Tesoro,&nbsp;<strong>Scott Bessent<\/strong>, sugiri\u00f3 levantar las sanciones sobre el petr\u00f3leo ruso para \u201ccrear oferta\u201d.<\/p>\n\n\n\n<p>El precio del petr\u00f3leo escal\u00f3 m\u00e1s del 30% este lunes y se acerc\u00f3 a los 120 d\u00f3lares en los mercados asi\u00e1ticos, lo que hizo caer los mercados burs\u00e1tiles y aviv\u00f3 el miedo a un brote de inflaci\u00f3n.<\/p>\n\n\n\n<p>La subida se moder\u00f3 en cuanto se supo que el G7 podr\u00eda recurrir a las reservas estrat\u00e9gicas.<\/p>\n\n\n\n<p>De camino a Chipre, el presidente franc\u00e9s<strong>&nbsp;Emmanuel Macron<\/strong>&nbsp;declar\u00f3 este lunes a periodistas que \u201cse consideraba como opci\u00f3n el uso de las reservas estrat\u00e9gicas\u201d.<\/p>\n\n\n\n<p>Los inversores est\u00e1n preocupados por las interrupciones en el suministro a trav\u00e9s del estrecho de Ormuz, por donde transita aproximadamente el 20% del petr\u00f3leo y el gas natural licuado (GNL) mundial, bloqueado desde hace varios d\u00edas.<\/p>\n","protected":false},"excerpt":{"rendered":"<p>Los ministros de Finanzas del grupo analizaron la crisis internacional en un encuentro virtual. \u201cAcordamos utilizar cualquier instrumento para estabilizar el mercado, incluida la posible liberaci\u00f3n de las reservas necesarias\u201d,&hellip; <\/p>\n","protected":false},"author":8,"featured_media":248707,"comment_status":"closed","ping_status":"open","sticky":false,"template":"","format":"standard","meta":{"footnotes":""},"categories":[11],"tags":[],"class_list":["post-248706","post","type-post","status-publish","format-standard","has-post-thumbnail","hentry","category-internacionales"],"_links":{"self":[{"href":"https:\/\/corrientesdetarde.com\/index.php\/wp-json\/wp\/v2\/posts\/248706","targetHints":{"allow":["GET"]}}],"collection":[{"href":"https:\/\/corrientesdetarde.com\/index.php\/wp-json\/wp\/v2\/posts"}],"about":[{"href":"https:\/\/corrientesdetarde.com\/index.php\/wp-json\/wp\/v2\/types\/post"}],"author":[{"embeddable":true,"href":"https:\/\/corrientesdetarde.com\/index.php\/wp-json\/wp\/v2\/users\/8"}],"replies":[{"embeddable":true,"href":"https:\/\/corrientesdetarde.com\/index.php\/wp-json\/wp\/v2\/comments?post=248706"}],"version-history":[{"count":1,"href":"https:\/\/corrientesdetarde.com\/index.php\/wp-json\/wp\/v2\/posts\/248706\/revisions"}],"predecessor-version":[{"id":248708,"href":"https:\/\/corrientesdetarde.com\/index.php\/wp-json\/wp\/v2\/posts\/248706\/revisions\/248708"}],"wp:featuredmedia":[{"embeddable":true,"href":"https:\/\/corrientesdetarde.com\/index.php\/wp-json\/wp\/v2\/media\/248707"}],"wp:attachment":[{"href":"https:\/\/corrientesdetarde.com\/index.php\/wp-json\/wp\/v2\/media?parent=248706"}],"wp:term":[{"taxonomy":"category","embeddable":true,"href":"https:\/\/corrientesdetarde.com\/index.php\/wp-json\/wp\/v2\/categories?post=248706"},{"taxonomy":"post_tag","embeddable":true,"href":"https:\/\/corrientesdetarde.com\/index.php\/wp-json\/wp\/v2\/tags?post=248706"}],"curies":[{"name":"wp","href":"https:\/\/api.w.org\/{rel}","templated":true}]}}