{"id":248709,"date":"2026-03-09T17:23:11","date_gmt":"2026-03-09T20:23:11","guid":{"rendered":"https:\/\/corrientesdetarde.com\/?p=248709"},"modified":"2026-03-09T17:23:25","modified_gmt":"2026-03-09T20:23:25","slug":"la-dpec-realizara-trabajos-de-mejoras-en-capital-y-el-interior-de-la-provincia-21","status":"publish","type":"post","link":"https:\/\/corrientesdetarde.com\/index.php\/informacion-general\/la-dpec-realizara-trabajos-de-mejoras-en-capital-y-el-interior-de-la-provincia-21\/","title":{"rendered":"La DPEC realizar\u00e1 trabajos de mejoras en Capital y el interior de la provincia"},"content":{"rendered":"\n<p>La Direcci\u00f3n Provincial de Energ\u00eda de Corrientes comunica que, por ejecutar diversos trabajos de mantenimiento para la mejora del servicio en la localidad de Sauce, Paso de los Libres y en la ciudad Capital, se interrumpir\u00e1 el suministro de energ\u00eda el\u00e9ctrica entre los d\u00edas martes 10 y mi\u00e9rcoles 11 de marzo de 2026.<\/p>\n\n\n\n<p>Es por eso que, en la localidad de Sauce, la Direcci\u00f3n Provincial de Energ\u00eda de Corrientes (DPEC), ejecutar\u00e1 tareas de mantenimiento de L\u00edneas de Media Tensi\u00f3n y por tal motivo, interrumpir\u00e1 el suministro de energ\u00eda el\u00e9ctrica, el martes 10 y mi\u00e9rcoles 11 de marzo de 2026 en el horario de 06:30 a 09:30 en las zonas Centro, barrios Entre R\u00edos, Tunal, Chacra Este, Chacra Norte, Chaquito y zonas de influencia.<\/p>\n\n\n\n<p>Adem\u00e1s, informa que, con motivo de realizar mejoras en el servicio, se ejecutar\u00e1n tareas de mantenimiento y cambio de soporte de L\u00ednea de Media Tensi\u00f3n, por lo cual se interrumpir\u00e1 el suministro de energ\u00eda el\u00e9ctrica en la localidad de Paso de los Libres, en las zonas de calle Gaucho Gil continuaci\u00f3n de Col\u00f3n hasta Tiro Federal, y zonas de influencia, el martes 10 de marzo de 2026 de 07:30 a 12:00 hs.<\/p>\n\n\n\n<p>Por \u00faltimo, informa que, con motivo de realizar mejoras en el servicio, se ejecutar\u00e1n tareas de mantenimiento de L\u00edneas de Media Tensi\u00f3n y por lo cual se interrumpir\u00e1 el suministro de energ\u00eda el\u00e9ctrica en la ciudad Capital, el martes 10 de marzo de 2026 de 08:00 a 12:00 hs en las zonas de los barrios Jard\u00edn, 250 Viviendas, Aldana, La Rosada, zona Aero Reserva y zonas de influencia y tambi\u00e9n en el horario de 07:00 a 08:00 en zonas de los barrios Concepci\u00f3n, Independencia, Alta Gracia, Lomas del Mirador, Canal 13, Anah\u00ed, Popular, San Ger\u00f3nimo, Campus de la UNNE por avenida Libertad al 6500 y zonas de influencia.<\/p>\n","protected":false},"excerpt":{"rendered":"<p>La Direcci\u00f3n Provincial de Energ\u00eda de Corrientes comunica que, por ejecutar diversos trabajos de mantenimiento para la mejora del servicio en la localidad de Sauce, Paso de los Libres y&hellip; <\/p>\n","protected":false},"author":8,"featured_media":248710,"comment_status":"closed","ping_status":"open","sticky":false,"template":"","format":"standard","meta":{"footnotes":""},"categories":[1],"tags":[],"class_list":["post-248709","post","type-post","status-publish","format-standard","has-post-thumbnail","hentry","category-informacion-general"],"_links":{"self":[{"href":"https:\/\/corrientesdetarde.com\/index.php\/wp-json\/wp\/v2\/posts\/248709","targetHints":{"allow":["GET"]}}],"collection":[{"href":"https:\/\/corrientesdetarde.com\/index.php\/wp-json\/wp\/v2\/posts"}],"about":[{"href":"https:\/\/corrientesdetarde.com\/index.php\/wp-json\/wp\/v2\/types\/post"}],"author":[{"embeddable":true,"href":"https:\/\/corrientesdetarde.com\/index.php\/wp-json\/wp\/v2\/users\/8"}],"replies":[{"embeddable":true,"href":"https:\/\/corrientesdetarde.com\/index.php\/wp-json\/wp\/v2\/comments?post=248709"}],"version-history":[{"count":1,"href":"https:\/\/corrientesdetarde.com\/index.php\/wp-json\/wp\/v2\/posts\/248709\/revisions"}],"predecessor-version":[{"id":248711,"href":"https:\/\/corrientesdetarde.com\/index.php\/wp-json\/wp\/v2\/posts\/248709\/revisions\/248711"}],"wp:featuredmedia":[{"embeddable":true,"href":"https:\/\/corrientesdetarde.com\/index.php\/wp-json\/wp\/v2\/media\/248710"}],"wp:attachment":[{"href":"https:\/\/corrientesdetarde.com\/index.php\/wp-json\/wp\/v2\/media?parent=248709"}],"wp:term":[{"taxonomy":"category","embeddable":true,"href":"https:\/\/corrientesdetarde.com\/index.php\/wp-json\/wp\/v2\/categories?post=248709"},{"taxonomy":"post_tag","embeddable":true,"href":"https:\/\/corrientesdetarde.com\/index.php\/wp-json\/wp\/v2\/tags?post=248709"}],"curies":[{"name":"wp","href":"https:\/\/api.w.org\/{rel}","templated":true}]}}