{"id":248712,"date":"2026-03-09T18:10:07","date_gmt":"2026-03-09T21:10:07","guid":{"rendered":"https:\/\/corrientesdetarde.com\/?p=248712"},"modified":"2026-03-09T18:10:40","modified_gmt":"2026-03-09T21:10:40","slug":"la-orquesta-sinfonica-presenta-el-espectaculo-el-arte-de-ser-mujer","status":"publish","type":"post","link":"https:\/\/corrientesdetarde.com\/index.php\/cultura\/la-orquesta-sinfonica-presenta-el-espectaculo-el-arte-de-ser-mujer\/","title":{"rendered":"La Orquesta Sinf\u00f3nica presenta el espect\u00e1culo &#8220;El arte de ser mujer&#8221;"},"content":{"rendered":"\n<p>El Instituto de Cultura de Corrientes invita al p\u00fablico a asistir al concierto &#8220;El arte de ser mujer&#8221;, que brindar\u00e1 la Orquesta Sinf\u00f3nica de la Provincia este s\u00e1bado 14 de marzo, a las 21 horas, en el Teatro Oficial Juan de Vera. El espect\u00e1culo forma parte del ciclo &#8220;Cultura en clave de mujer&#8221;, y ser\u00e1 con entradas gratuitas, las cuales deber\u00e1n retirarse en la boleter\u00eda del Teatro, o a trav\u00e9s de la p\u00e1gina&nbsp;<a href=\"https:\/\/4ue34.r.a.d.sendibm1.com\/mk\/cl\/f\/sh\/6rqJfgq8dINmNvd2HB7mP7OK8Ju\/yu_n1GLEoScr\" rel=\"noreferrer noopener\" target=\"_blank\">https:\/\/weepas.ar\/<\/a>.<\/p>\n\n\n\n<p>En dicha funci\u00f3n se visibilizar\u00e1n diversos roles de las mujeres en el arte, como compositora, int\u00e9rpretes, solistas, directora, entre otras.&nbsp;La conducci\u00f3n art\u00edstica y musical de la Orquesta est\u00e1 a cargo de su directora Andrea Fusco, y en esta oportunidad contar\u00e1 con la presencia de la joven violinista Lucia De Santis que tocar\u00e1 de Saint Saenz Introducci\u00f3n y rond\u00f3 caprichoso op 28.<\/p>\n\n\n\n<p>Se estrenar\u00e1 un fragmento de la obra Iuventus, de la compositora contempor\u00e1nea Rita Ventura, y se deleitar\u00e1 al p\u00fablico con danzas caracter\u00edsticas de diversas culturas como valses y danzas eslavas. En esta ocasi\u00f3n, contar\u00e1 como invitados especiales al club de patinaje art\u00edstico &#8220;Sol y luna&#8221;.<\/p>\n\n\n\n<p><strong>Sinf\u00f3nica<\/strong><\/p>\n\n\n\n<p>La Orquesta Sinf\u00f3nica es un organismo estable de la Provincia con m\u00e1s de 50 a\u00f1os de trayectoria, que ofrece propuestas innovadoras. En este caso, con un espect\u00e1culo de primer nivel para disfrutar de la m\u00fasica sinf\u00f3nica rom\u00e1ntica y contempor\u00e1nea.<\/p>\n\n\n\n<p><strong>Lucia Giovanna De Santis<\/strong><\/p>\n\n\n\n<p>Inici\u00f3 a los 6 a\u00f1os sus estudios en la Academia de Cuerdas, en Buenos Aires, con la maestra Ayel\u00e9n Suyai Trillo el m\u00e9todo Suzuki. Al a\u00f1o siguiente ingresa en la Escuela de M\u00fasica de Barracas teniendo a la docente Gabriela Garc\u00eda Aguirre.<\/p>\n\n\n\n<p>En 2021 comienza sus estudios con la Maestra Natasha Shishmonina, violinista solista estable de la Orquesta Estable del Teatro Col\u00f3n.&nbsp;Toca desde sus 10 a\u00f1os en la Orquesta de C\u00e1mara Juvenil de Buenos Aires al lado de reconocidos m\u00fasicos invitados solistas como Xavier Inchausti, Freddy Varela Montero, Mar\u00eda Eugenia Marchionni, Sebasti\u00e1n Zoppi, Lucas Brass, Rodrigo Ezequiel Beraldi, Cristina Tsakalidou y Jerem\u00edas Petruf, de los que pudo potenciar su aprendizaje estos a\u00f1os.<\/p>\n\n\n\n<p><strong>Orquesta Sinf\u00f3nica de Corrientes<\/strong><\/p>\n\n\n\n<p>Introducci\u00f3n y rond\u00f3 caprichoso de Saint Saenz<\/p>\n\n\n\n<p>Solista: Lucia De Santis<\/p>\n\n\n\n<p>Estreno de parte de Iuventus de Rita Ventura<\/p>\n\n\n\n<p>Danzas eslavas de Dvorak op 72<\/p>\n\n\n\n<p>Invitados: Club Sol y Luna<\/p>\n\n\n\n<p>Direcci\u00f3n:&nbsp;Mtra. Andrea Fusco.<\/p>\n\n\n\n<figure class=\"wp-block-image size-large\"><img loading=\"lazy\" decoding=\"async\" width=\"1024\" height=\"569\" src=\"https:\/\/corrientesdetarde.com\/wp-content\/uploads\/2026\/03\/image-228-1024x569.png\" alt=\"\" class=\"wp-image-248713\" srcset=\"https:\/\/corrientesdetarde.com\/wp-content\/uploads\/2026\/03\/image-228-1024x569.png 1024w, https:\/\/corrientesdetarde.com\/wp-content\/uploads\/2026\/03\/image-228-300x167.png 300w, https:\/\/corrientesdetarde.com\/wp-content\/uploads\/2026\/03\/image-228-768x427.png 768w, https:\/\/corrientesdetarde.com\/wp-content\/uploads\/2026\/03\/image-228.png 1080w\" sizes=\"auto, (max-width: 1024px) 100vw, 1024px\" \/><\/figure>\n\n\n\n<figure class=\"wp-block-image size-large\"><img loading=\"lazy\" decoding=\"async\" width=\"450\" height=\"1024\" src=\"https:\/\/corrientesdetarde.com\/wp-content\/uploads\/2026\/03\/image-230-450x1024.png\" alt=\"\" class=\"wp-image-248715\" srcset=\"https:\/\/corrientesdetarde.com\/wp-content\/uploads\/2026\/03\/image-230-450x1024.png 450w, https:\/\/corrientesdetarde.com\/wp-content\/uploads\/2026\/03\/image-230-132x300.png 132w, https:\/\/corrientesdetarde.com\/wp-content\/uploads\/2026\/03\/image-230-768x1749.png 768w, https:\/\/corrientesdetarde.com\/wp-content\/uploads\/2026\/03\/image-230-899x2048.png 899w, https:\/\/corrientesdetarde.com\/wp-content\/uploads\/2026\/03\/image-230.png 2030w\" sizes=\"auto, (max-width: 450px) 100vw, 450px\" \/><\/figure>\n","protected":false},"excerpt":{"rendered":"<p>El Instituto de Cultura de Corrientes invita al p\u00fablico a asistir al concierto &#8220;El arte de ser mujer&#8221;, que brindar\u00e1 la Orquesta Sinf\u00f3nica de la Provincia este s\u00e1bado 14 de&hellip; <\/p>\n","protected":false},"author":8,"featured_media":248714,"comment_status":"closed","ping_status":"open","sticky":false,"template":"","format":"standard","meta":{"footnotes":""},"categories":[15],"tags":[],"class_list":["post-248712","post","type-post","status-publish","format-standard","has-post-thumbnail","hentry","category-cultura"],"_links":{"self":[{"href":"https:\/\/corrientesdetarde.com\/index.php\/wp-json\/wp\/v2\/posts\/248712","targetHints":{"allow":["GET"]}}],"collection":[{"href":"https:\/\/corrientesdetarde.com\/index.php\/wp-json\/wp\/v2\/posts"}],"about":[{"href":"https:\/\/corrientesdetarde.com\/index.php\/wp-json\/wp\/v2\/types\/post"}],"author":[{"embeddable":true,"href":"https:\/\/corrientesdetarde.com\/index.php\/wp-json\/wp\/v2\/users\/8"}],"replies":[{"embeddable":true,"href":"https:\/\/corrientesdetarde.com\/index.php\/wp-json\/wp\/v2\/comments?post=248712"}],"version-history":[{"count":1,"href":"https:\/\/corrientesdetarde.com\/index.php\/wp-json\/wp\/v2\/posts\/248712\/revisions"}],"predecessor-version":[{"id":248716,"href":"https:\/\/corrientesdetarde.com\/index.php\/wp-json\/wp\/v2\/posts\/248712\/revisions\/248716"}],"wp:featuredmedia":[{"embeddable":true,"href":"https:\/\/corrientesdetarde.com\/index.php\/wp-json\/wp\/v2\/media\/248714"}],"wp:attachment":[{"href":"https:\/\/corrientesdetarde.com\/index.php\/wp-json\/wp\/v2\/media?parent=248712"}],"wp:term":[{"taxonomy":"category","embeddable":true,"href":"https:\/\/corrientesdetarde.com\/index.php\/wp-json\/wp\/v2\/categories?post=248712"},{"taxonomy":"post_tag","embeddable":true,"href":"https:\/\/corrientesdetarde.com\/index.php\/wp-json\/wp\/v2\/tags?post=248712"}],"curies":[{"name":"wp","href":"https:\/\/api.w.org\/{rel}","templated":true}]}}