{"id":248717,"date":"2026-03-09T18:18:03","date_gmt":"2026-03-09T21:18:03","guid":{"rendered":"https:\/\/corrientesdetarde.com\/?p=248717"},"modified":"2026-03-09T18:18:36","modified_gmt":"2026-03-09T21:18:36","slug":"con-fuertes-mensajes-contra-ee-uu-e-israel-miles-de-iranies-marcharon-para-respaldar-al-nuevo-lider-supremo","status":"publish","type":"post","link":"https:\/\/corrientesdetarde.com\/index.php\/internacionales\/con-fuertes-mensajes-contra-ee-uu-e-israel-miles-de-iranies-marcharon-para-respaldar-al-nuevo-lider-supremo\/","title":{"rendered":"Con fuertes mensajes contra EE.UU. e Israel, miles de iran\u00edes marcharon para respaldar al nuevo l\u00edder supremo"},"content":{"rendered":"\n<p>La multitud enarbolaba banderas iran\u00edes y retratos del nuevo l\u00edder, hijo del difunto Al\u00ed Jamenei.<\/p>\n\n\n\n<p>Miles de personas se congregaron este lunes en una c\u00e9ntrica plaza de la capital iran\u00ed para mostrar lealtad al nuevo gu\u00eda supremo de la rep\u00fablica isl\u00e1mica, el ayatollah\u00a0Mojtaba Jame<\/p>\n\n\n\n<p>La multitud, reunida en la plaza Enghelab de Teher\u00e1n, enarbolaba banderas iran\u00edes y retratos del nuevo l\u00edder, hijo del difunto gu\u00eda supremo\u00a0Al\u00ed Jamenei, asesinado en los ataques israel\u00ed-estadounidenses del 28 de febrero.<\/p>\n\n\n\n<p>Mojtaba Jamenei fue designado el domingo como sucesor de su padre por la Asamblea de Expertos del gobierno clerical iran\u00ed. Previamente, Estados Unidos e Israel hab\u00edan advertido que se opondr\u00edan a su nombramiento.<\/p>\n\n\n\n<p>El cl\u00e9rigo, de 56 a\u00f1os, \u201ces nombrado y presentado como tercer gu\u00eda del sagrado sistema de la Rep\u00fablica Isl\u00e1mica de Ir\u00e1n, sobre la base de un voto decisivo de los respetados miembros de la Asamblea de Expertos\u201d, anunci\u00f3 en un comunicado ese \u00f3rgano.<\/p>\n\n\n\n<h2 class=\"wp-block-heading\">Hubo movilizaciones en distintas ciudades de Ir\u00e1n<\/h2>\n\n\n\n<p>En lo que fue una demostraci\u00f3n de fuerza, se celebraron multitudinarias manifestaciones en Shiraz, Kerman, Ahvaz, Tabriz, Hamedan y Teher\u00e1n, entre otras ciudades.<\/p>\n\n\n\n<p>En la capital la manifestaci\u00f3n se realiz\u00f3 en la plaza Enqhelab (Revoluci\u00f3n) entre gritos de \u201cMuerte a Estados Unidos\u201d y \u201cMuerte a Israel\u201d, que lanzaron una guerra contra Ir\u00e1n la semana pasada en la que murieron m\u00e1s de un millar de iran\u00edes.<\/p>\n\n\n\n<figure class=\"wp-block-image\"><img decoding=\"async\" src=\"https:\/\/tn.com.ar\/resizer\/v2\/una-multitud-se-congrego-en-el-centro-de-teheran-para-apoyar-a-la-nueva-guia-suprema-mojtaba-jamenei-arash-khamooshithe-new-york-times-MFI3NIVEXE4XEMKWC2BVWDSWLE.jpg?auth=82fd2edc497eebb6afaf9df93ac909913cd4d1d0d89d521afc3e0b8bf98c7381&amp;width=767\" alt=\"Una multitud se congreg\u00f3 en el centro de Teher\u00e1n para apoyar a la nueva gu\u00eda suprema, Mojtaba Jamenei (Arash Khamooshi\/The New York Times)\"\/><\/figure>\n\n\n\n<p>All\u00ed hace solo nueve d\u00edas se reunieron miles de personas para honrar a Al\u00ed Jamene\u00ed, asesinado por Estados Unidos e Israel el s\u00e1bado 28 de febrero tras 36 a\u00f1os en el poder.<\/p>\n\n\n\n<p>\u201cHemos perdido a nuestro querido l\u00edder mientras encabezaba nuestra caravana contra los poderes arrogantes del mundo. La herida es demasiado profunda, pero ahora nos tranquiliza el nuevo l\u00edder, su digno sucesor, que llevar\u00e1 adelante la misi\u00f3n\u201d, dijo a&nbsp;<em>Press TV<\/em>&nbsp;uno de los participantes en la manifestaci\u00f3n de Teher\u00e1n.<\/p>\n\n\n\n<p>Mientras se celebraban las manifestaciones se produjeron nuevos ataques estadounidenses e israel\u00edes en Teher\u00e1n e Isfahan.<\/p>\n","protected":false},"excerpt":{"rendered":"<p>La multitud enarbolaba banderas iran\u00edes y retratos del nuevo l\u00edder, hijo del difunto Al\u00ed Jamenei. Miles de personas se congregaron este lunes en una c\u00e9ntrica plaza de la capital iran\u00ed&hellip; <\/p>\n","protected":false},"author":8,"featured_media":248718,"comment_status":"closed","ping_status":"open","sticky":false,"template":"","format":"standard","meta":{"footnotes":""},"categories":[11],"tags":[],"class_list":["post-248717","post","type-post","status-publish","format-standard","has-post-thumbnail","hentry","category-internacionales"],"_links":{"self":[{"href":"https:\/\/corrientesdetarde.com\/index.php\/wp-json\/wp\/v2\/posts\/248717","targetHints":{"allow":["GET"]}}],"collection":[{"href":"https:\/\/corrientesdetarde.com\/index.php\/wp-json\/wp\/v2\/posts"}],"about":[{"href":"https:\/\/corrientesdetarde.com\/index.php\/wp-json\/wp\/v2\/types\/post"}],"author":[{"embeddable":true,"href":"https:\/\/corrientesdetarde.com\/index.php\/wp-json\/wp\/v2\/users\/8"}],"replies":[{"embeddable":true,"href":"https:\/\/corrientesdetarde.com\/index.php\/wp-json\/wp\/v2\/comments?post=248717"}],"version-history":[{"count":1,"href":"https:\/\/corrientesdetarde.com\/index.php\/wp-json\/wp\/v2\/posts\/248717\/revisions"}],"predecessor-version":[{"id":248720,"href":"https:\/\/corrientesdetarde.com\/index.php\/wp-json\/wp\/v2\/posts\/248717\/revisions\/248720"}],"wp:featuredmedia":[{"embeddable":true,"href":"https:\/\/corrientesdetarde.com\/index.php\/wp-json\/wp\/v2\/media\/248718"}],"wp:attachment":[{"href":"https:\/\/corrientesdetarde.com\/index.php\/wp-json\/wp\/v2\/media?parent=248717"}],"wp:term":[{"taxonomy":"category","embeddable":true,"href":"https:\/\/corrientesdetarde.com\/index.php\/wp-json\/wp\/v2\/categories?post=248717"},{"taxonomy":"post_tag","embeddable":true,"href":"https:\/\/corrientesdetarde.com\/index.php\/wp-json\/wp\/v2\/tags?post=248717"}],"curies":[{"name":"wp","href":"https:\/\/api.w.org\/{rel}","templated":true}]}}