{"id":248721,"date":"2026-03-09T18:20:37","date_gmt":"2026-03-09T21:20:37","guid":{"rendered":"https:\/\/corrientesdetarde.com\/?p=248721"},"modified":"2026-03-09T18:21:07","modified_gmt":"2026-03-09T21:21:07","slug":"las-ferias-de-la-ciudad-recorren-plazasy-espacios-publicos-con-multiples-ofertas","status":"publish","type":"post","link":"https:\/\/corrientesdetarde.com\/index.php\/sociales\/las-ferias-de-la-ciudad-recorren-plazasy-espacios-publicos-con-multiples-ofertas\/","title":{"rendered":"Las Ferias de la Ciudad recorren plazasy espacios p\u00fablicos con m\u00faltiples ofertas"},"content":{"rendered":"\n<p><em>Entre el martes 10 y el domingo 15 de marzo, las ferias itinerantes organizadas por la Municipalidad de Corrientes realizar\u00e1n su habitual recorrido por espacios p\u00fablicos de la ciudad, con su oferta de productos de calidad y mejores precios. Los vecinos podr\u00e1n adquirir frutas y verduras, productos manufacturados, artesan\u00edas, plantas ornamentales, entre otras propuestas.<\/em><\/p>\n\n\n\n<p>La Municipalidad de Corrientes contin\u00faa acercando productos de calidad con interesantes ofertas y combos a diferentes barrios, por medio de las Ferias de la Ciudad, coordinada por la Secretar\u00eda de Desarrollo Humano, a trav\u00e9s de la Subsecretar\u00eda de Econom\u00eda Social.<br><br>La propuesta, aceptada y consolidada por los vecinos, comprende la comercializaci\u00f3n por parte de productores y emprendedores locales de frutas, verduras, panificados caseros, dulces regionales, artesan\u00edas y plantas ornamentales, que ofrecen productos de calidad a buenos precios.<br><br>El martes 10, los feriantes se instalar\u00e1n en plaza Torrent -San Lorenzo y Bol\u00edvar- y plaza Los Amigos del barrio Libertad, frente a la escuela N.\u00ba 6 por calle Brasil. El mi\u00e9rcoles 11 la iniciativa se replicar\u00e1 en plaza Torrent.<br><br>El jueves 12, los stands estar\u00e1n en plaza La Cruz, por calle Salta, en el barrio del mismo nombre.<br><br>El recorrido continuar\u00e1 el s\u00e1bado 14, de 8 a 13, por la calle Pilu G\u00f3mez y Jos\u00e9 Rol\u00f3n, en el parque Mitre, mientras que en el Paseo Arazaty las ferias estar\u00e1n de 10 de la ma\u00f1ana hasta la medianoche.<br><br>Culminar\u00e1 el domingo 15, nuevamente en el Paseo Arazaty donde ofrecer\u00e1n de 10 de la ma\u00f1ana hasta la medianoche, plantas ornamentales, ofertas gastron\u00f3micas, artesan\u00edas y manualidades.<br><br>CRONOGRAMA SEMANAL<br><br>Martes 10: plaza Torrent (Centro) y plaza Los Amigos (Libertad)<br><br>Mi\u00e9rcoles 11: plaza Torrent (Centro)<br><br>Jueves 12: plaza La Cruz (barrio La Cruz)<br><br>S\u00e1bado 13: parque Mitre (barrio Aldana) de 8 a 13, y Paseo Arazaty, de 10 de la ma\u00f1ana a medianoche<br><br>Domingo 14: Paseo Arazaty, de 10 de la ma\u00f1ana a medianoche<\/p>\n\n\n\n<figure class=\"wp-block-image size-large\"><img loading=\"lazy\" decoding=\"async\" width=\"1024\" height=\"682\" src=\"https:\/\/corrientesdetarde.com\/wp-content\/uploads\/2026\/03\/image-233-1024x682.png\" alt=\"\" class=\"wp-image-248722\" srcset=\"https:\/\/corrientesdetarde.com\/wp-content\/uploads\/2026\/03\/image-233-1024x682.png 1024w, https:\/\/corrientesdetarde.com\/wp-content\/uploads\/2026\/03\/image-233-300x200.png 300w, https:\/\/corrientesdetarde.com\/wp-content\/uploads\/2026\/03\/image-233-768x512.png 768w, https:\/\/corrientesdetarde.com\/wp-content\/uploads\/2026\/03\/image-233.png 1280w\" sizes=\"auto, (max-width: 1024px) 100vw, 1024px\" \/><\/figure>\n\n\n\n<figure class=\"wp-block-image size-large\"><img loading=\"lazy\" decoding=\"async\" width=\"1024\" height=\"682\" src=\"https:\/\/corrientesdetarde.com\/wp-content\/uploads\/2026\/03\/image-235-1024x682.png\" alt=\"\" class=\"wp-image-248724\" srcset=\"https:\/\/corrientesdetarde.com\/wp-content\/uploads\/2026\/03\/image-235-1024x682.png 1024w, https:\/\/corrientesdetarde.com\/wp-content\/uploads\/2026\/03\/image-235-300x200.png 300w, https:\/\/corrientesdetarde.com\/wp-content\/uploads\/2026\/03\/image-235-768x512.png 768w, https:\/\/corrientesdetarde.com\/wp-content\/uploads\/2026\/03\/image-235.png 1280w\" sizes=\"auto, (max-width: 1024px) 100vw, 1024px\" \/><\/figure>\n","protected":false},"excerpt":{"rendered":"<p>Entre el martes 10 y el domingo 15 de marzo, las ferias itinerantes organizadas por la Municipalidad de Corrientes realizar\u00e1n su habitual recorrido por espacios p\u00fablicos de la ciudad, con&hellip; <\/p>\n","protected":false},"author":8,"featured_media":248723,"comment_status":"closed","ping_status":"open","sticky":false,"template":"","format":"standard","meta":{"footnotes":""},"categories":[17],"tags":[],"class_list":["post-248721","post","type-post","status-publish","format-standard","has-post-thumbnail","hentry","category-sociales"],"_links":{"self":[{"href":"https:\/\/corrientesdetarde.com\/index.php\/wp-json\/wp\/v2\/posts\/248721","targetHints":{"allow":["GET"]}}],"collection":[{"href":"https:\/\/corrientesdetarde.com\/index.php\/wp-json\/wp\/v2\/posts"}],"about":[{"href":"https:\/\/corrientesdetarde.com\/index.php\/wp-json\/wp\/v2\/types\/post"}],"author":[{"embeddable":true,"href":"https:\/\/corrientesdetarde.com\/index.php\/wp-json\/wp\/v2\/users\/8"}],"replies":[{"embeddable":true,"href":"https:\/\/corrientesdetarde.com\/index.php\/wp-json\/wp\/v2\/comments?post=248721"}],"version-history":[{"count":1,"href":"https:\/\/corrientesdetarde.com\/index.php\/wp-json\/wp\/v2\/posts\/248721\/revisions"}],"predecessor-version":[{"id":248725,"href":"https:\/\/corrientesdetarde.com\/index.php\/wp-json\/wp\/v2\/posts\/248721\/revisions\/248725"}],"wp:featuredmedia":[{"embeddable":true,"href":"https:\/\/corrientesdetarde.com\/index.php\/wp-json\/wp\/v2\/media\/248723"}],"wp:attachment":[{"href":"https:\/\/corrientesdetarde.com\/index.php\/wp-json\/wp\/v2\/media?parent=248721"}],"wp:term":[{"taxonomy":"category","embeddable":true,"href":"https:\/\/corrientesdetarde.com\/index.php\/wp-json\/wp\/v2\/categories?post=248721"},{"taxonomy":"post_tag","embeddable":true,"href":"https:\/\/corrientesdetarde.com\/index.php\/wp-json\/wp\/v2\/tags?post=248721"}],"curies":[{"name":"wp","href":"https:\/\/api.w.org\/{rel}","templated":true}]}}