{"id":248726,"date":"2026-03-09T20:20:15","date_gmt":"2026-03-09T23:20:15","guid":{"rendered":"https:\/\/corrientesdetarde.com\/?p=248726"},"modified":"2026-03-09T20:20:22","modified_gmt":"2026-03-09T23:20:22","slug":"se-conmemoro-el-dia-del-nino-correntino-con-una-charla-en-la-biblioteca-de-la-legislatura","status":"publish","type":"post","link":"https:\/\/corrientesdetarde.com\/index.php\/eventos\/se-conmemoro-el-dia-del-nino-correntino-con-una-charla-en-la-biblioteca-de-la-legislatura\/","title":{"rendered":"Se conmemor\u00f3 el D\u00eda del Ni\u00f1o Correntino con una charla en la Biblioteca de la Legislatura"},"content":{"rendered":"\n<p>En el marco del D\u00eda del Ni\u00f1o Correntino, que se celebra cada 9 de marzo en honor al heroico soldado Pedro R\u00edos, el &#8220;Tamborcito de Tacuar\u00ed&#8221;, fallecido a los 12 a\u00f1os en la Batalla de Tacuar\u00ed en 1811, se llev\u00f3 a cabo una actividad especial en la Biblioteca de la Legislatura.<\/p>\n\n\n\n<p>El D\u00eda del Ni\u00f1o Correntino se celebra cada 9 de marzo en conmemoraci\u00f3n de la muerte de Pedro R\u00edos, el &#8220;Tamborcito de Tacuar\u00ed&#8221;, instituido por la Ley Provincial N\u00ba 5988 en 2011. La fecha rinde homenaje al correntino de 12 a\u00f1os que muri\u00f3 en la batalla de Tacuar\u00ed (1811) demostrando valent\u00eda y patriotismo.<\/p>\n\n\n\n<p>El evento organizado por la Vicegobernaci\u00f3n de Corrientes, se centr\u00f3 en honrar la figura de este ni\u00f1o h\u00e9roe correntino ante alumnos de entre 12 y 13 a\u00f1os del Colegio Inform\u00e1tico Juan Torres de Vera y Arag\u00f3n.<\/p>\n\n\n\n<figure class=\"wp-block-image size-full\"><img loading=\"lazy\" decoding=\"async\" width=\"996\" height=\"727\" src=\"https:\/\/corrientesdetarde.com\/wp-content\/uploads\/2026\/03\/Captura-de-pantalla-2026-03-09-195615.png\" alt=\"\" class=\"wp-image-248732\" srcset=\"https:\/\/corrientesdetarde.com\/wp-content\/uploads\/2026\/03\/Captura-de-pantalla-2026-03-09-195615.png 996w, https:\/\/corrientesdetarde.com\/wp-content\/uploads\/2026\/03\/Captura-de-pantalla-2026-03-09-195615-300x219.png 300w, https:\/\/corrientesdetarde.com\/wp-content\/uploads\/2026\/03\/Captura-de-pantalla-2026-03-09-195615-768x561.png 768w\" sizes=\"auto, (max-width: 996px) 100vw, 996px\" \/><\/figure>\n\n\n\n<p>La actividad fue coordinada por la profesora Silvia Pozo, quien explic\u00f3 la importancia de esta conmemoraci\u00f3n: &#8220;Es fundamental destacar a este ni\u00f1o h\u00e9roe, c\u00f3mo fue y exaltar los valores, el sacrificio, el patriotismo y la libertad en la formaci\u00f3n de nuestra identidad colectiva&#8221;.<\/p>\n\n\n\n<p>Para relatar la historia, Pozo convoc\u00f3 a Manuel Nicol\u00e1s Maidana, recitador, bailar\u00edn y acordeonista, quien comparti\u00f3 con los estudiantes la historia sobre la vida y muerte de Pedrito R\u00edos.<\/p>\n\n\n\n<p>La profesora Pozo tambi\u00e9n enfatiz\u00f3 la necesidad de mantener viva la memoria hist\u00f3rica: &#8220;Tambi\u00e9n me parece interesante que hagamos actividades fuera de la escuela, como poner nombre a una calle, a una plaza, a cualquier instituci\u00f3n, a una biblioteca, para que se recuerden estos hechos y nuestros h\u00e9roes&#8221;.<\/p>\n\n\n\n<p>Cabe destacar que esta fecha fue establecida por la ley promulgada en 2010, propuesta por el senador Sergio Flinta, para homenajear al ni\u00f1o que muri\u00f3 defendiendo la patria.<\/p>\n\n\n\n<figure class=\"wp-block-image size-full\"><img loading=\"lazy\" decoding=\"async\" width=\"1017\" height=\"754\" src=\"https:\/\/corrientesdetarde.com\/wp-content\/uploads\/2026\/03\/Captura-de-pantalla-2026-03-09-195609.png\" alt=\"\" class=\"wp-image-248731\" srcset=\"https:\/\/corrientesdetarde.com\/wp-content\/uploads\/2026\/03\/Captura-de-pantalla-2026-03-09-195609.png 1017w, https:\/\/corrientesdetarde.com\/wp-content\/uploads\/2026\/03\/Captura-de-pantalla-2026-03-09-195609-300x222.png 300w, https:\/\/corrientesdetarde.com\/wp-content\/uploads\/2026\/03\/Captura-de-pantalla-2026-03-09-195609-768x569.png 768w\" sizes=\"auto, (max-width: 1017px) 100vw, 1017px\" \/><\/figure>\n","protected":false},"excerpt":{"rendered":"<p>En el marco del D\u00eda del Ni\u00f1o Correntino, que se celebra cada 9 de marzo en honor al heroico soldado Pedro R\u00edos, el &#8220;Tamborcito de Tacuar\u00ed&#8221;, fallecido a los 12&hellip; <\/p>\n","protected":false},"author":4,"featured_media":248733,"comment_status":"closed","ping_status":"open","sticky":false,"template":"","format":"standard","meta":{"footnotes":""},"categories":[22],"tags":[],"class_list":["post-248726","post","type-post","status-publish","format-standard","has-post-thumbnail","hentry","category-eventos"],"_links":{"self":[{"href":"https:\/\/corrientesdetarde.com\/index.php\/wp-json\/wp\/v2\/posts\/248726","targetHints":{"allow":["GET"]}}],"collection":[{"href":"https:\/\/corrientesdetarde.com\/index.php\/wp-json\/wp\/v2\/posts"}],"about":[{"href":"https:\/\/corrientesdetarde.com\/index.php\/wp-json\/wp\/v2\/types\/post"}],"author":[{"embeddable":true,"href":"https:\/\/corrientesdetarde.com\/index.php\/wp-json\/wp\/v2\/users\/4"}],"replies":[{"embeddable":true,"href":"https:\/\/corrientesdetarde.com\/index.php\/wp-json\/wp\/v2\/comments?post=248726"}],"version-history":[{"count":1,"href":"https:\/\/corrientesdetarde.com\/index.php\/wp-json\/wp\/v2\/posts\/248726\/revisions"}],"predecessor-version":[{"id":248734,"href":"https:\/\/corrientesdetarde.com\/index.php\/wp-json\/wp\/v2\/posts\/248726\/revisions\/248734"}],"wp:featuredmedia":[{"embeddable":true,"href":"https:\/\/corrientesdetarde.com\/index.php\/wp-json\/wp\/v2\/media\/248733"}],"wp:attachment":[{"href":"https:\/\/corrientesdetarde.com\/index.php\/wp-json\/wp\/v2\/media?parent=248726"}],"wp:term":[{"taxonomy":"category","embeddable":true,"href":"https:\/\/corrientesdetarde.com\/index.php\/wp-json\/wp\/v2\/categories?post=248726"},{"taxonomy":"post_tag","embeddable":true,"href":"https:\/\/corrientesdetarde.com\/index.php\/wp-json\/wp\/v2\/tags?post=248726"}],"curies":[{"name":"wp","href":"https:\/\/api.w.org\/{rel}","templated":true}]}}