{"id":248730,"date":"2026-03-09T21:31:06","date_gmt":"2026-03-10T00:31:06","guid":{"rendered":"https:\/\/corrientesdetarde.com\/?p=248730"},"modified":"2026-03-09T21:31:13","modified_gmt":"2026-03-10T00:31:13","slug":"cae-nuevamente-la-reina-de-la-estafa-detienen-a-una-abogada-por-falsificacion-de-documentos","status":"publish","type":"post","link":"https:\/\/corrientesdetarde.com\/index.php\/policiales\/cae-nuevamente-la-reina-de-la-estafa-detienen-a-una-abogada-por-falsificacion-de-documentos\/","title":{"rendered":"Cae nuevamente la &#8220;Reina de la Estafa&#8221;: detienen a una abogada por falsificaci\u00f3n de documentos"},"content":{"rendered":"\n<p>La Dra. Marina A. fue arrestada este lunes tras nuevos operativos ordenados por la Justicia. Pese a tener antecedentes recientes, la profesional continuaba operando en los tribunales locales.<\/p>\n\n\n\n<p>En un operativo que sacudi\u00f3 el mediod\u00eda de este lunes en la localidad de Esquina, la Polic\u00eda de Corrientes procedi\u00f3 a la detenci\u00f3n de la abogada Marina A., conocida popularmente en el \u00e1mbito delictivo como la &#8220;Reina de la Estafa&#8221;. La captura se produjo tras una serie de nuevas denuncias que complican su situaci\u00f3n procesal y ponen bajo la lupa su presunta impunidad.<\/p>\n\n\n\n<p>La orden de detenci\u00f3n fue emitida por la Fiscal\u00eda de Esquina, bajo la direcci\u00f3n del Dr. Javier Mosquera, luego de recibir nuevas presentaciones judiciales durante la semana pasada. Seg\u00fan informaron fuentes policiales, la causa actual que enfrenta la profesional caratulada como &#8220;presunta estafa y uso de documentos falsos&#8221;.<\/p>\n\n\n\n<p>El procedimiento se ejecut\u00f3 alrededor de las 12:00 horas por personal de la Comisar\u00eda Segunda, quienes realizaron un allanamiento que culmin\u00f3 con la detenci\u00f3n efectiva. Tras los protocolos de rigor \u2014que incluyeron un examen m\u00e9dico a cargo del Dr. Rub\u00e9n Eladio Davicino\u2014 la abogada fue trasladada a la Comisar\u00eda de la Mujer y Asuntos Juveniles, donde permanece alojada a disposici\u00f3n de la magistratura interviniente.<\/p>\n\n\n\n<p>Un historial de reincidencia<\/p>\n\n\n\n<p>Lo que m\u00e1s indignaci\u00f3n genera en la comunidad de Esquina es la reincidencia de la letrada. Este arresto no es un hecho aislado:<\/p>\n\n\n\n<p>Hace seis meses: Ya hab\u00eda sido detenida por maniobras fraudulentas similares.<\/p>\n\n\n\n<p>Actividad ininterrumpida: A pesar de sus antecedentes y procesos abiertos, Marina A. continuaba ejerciendo el Derecho de manera regular en los juzgados locales.<\/p>\n\n\n\n<p>&#8220;Resulta inusual que, con este prontuario, haya podido mantener su actividad enga\u00f1osa dentro del mismo sistema judicial&#8221;, se\u00f1alan fuentes cercanas al caso.<\/p>\n\n\n\n<p>Esta situaci\u00f3n ha generado una profunda preocupaci\u00f3n en el foro local, ya que su permanencia en los tribunales le habr\u00eda facilitado el acceso a nuevas v\u00edctimas, alimentando los rumores sobre una supuesta &#8220;red de protecci\u00f3n&#8221; o inmunidad que, tras este nuevo operativo, parece haber llegado a su fin.<\/p>\n","protected":false},"excerpt":{"rendered":"<p>La Dra. Marina A. fue arrestada este lunes tras nuevos operativos ordenados por la Justicia. Pese a tener antecedentes recientes, la profesional continuaba operando en los tribunales locales. En un&hellip; <\/p>\n","protected":false},"author":4,"featured_media":248742,"comment_status":"closed","ping_status":"open","sticky":false,"template":"","format":"standard","meta":{"footnotes":""},"categories":[33],"tags":[],"class_list":["post-248730","post","type-post","status-publish","format-standard","has-post-thumbnail","hentry","category-policiales"],"_links":{"self":[{"href":"https:\/\/corrientesdetarde.com\/index.php\/wp-json\/wp\/v2\/posts\/248730","targetHints":{"allow":["GET"]}}],"collection":[{"href":"https:\/\/corrientesdetarde.com\/index.php\/wp-json\/wp\/v2\/posts"}],"about":[{"href":"https:\/\/corrientesdetarde.com\/index.php\/wp-json\/wp\/v2\/types\/post"}],"author":[{"embeddable":true,"href":"https:\/\/corrientesdetarde.com\/index.php\/wp-json\/wp\/v2\/users\/4"}],"replies":[{"embeddable":true,"href":"https:\/\/corrientesdetarde.com\/index.php\/wp-json\/wp\/v2\/comments?post=248730"}],"version-history":[{"count":1,"href":"https:\/\/corrientesdetarde.com\/index.php\/wp-json\/wp\/v2\/posts\/248730\/revisions"}],"predecessor-version":[{"id":248743,"href":"https:\/\/corrientesdetarde.com\/index.php\/wp-json\/wp\/v2\/posts\/248730\/revisions\/248743"}],"wp:featuredmedia":[{"embeddable":true,"href":"https:\/\/corrientesdetarde.com\/index.php\/wp-json\/wp\/v2\/media\/248742"}],"wp:attachment":[{"href":"https:\/\/corrientesdetarde.com\/index.php\/wp-json\/wp\/v2\/media?parent=248730"}],"wp:term":[{"taxonomy":"category","embeddable":true,"href":"https:\/\/corrientesdetarde.com\/index.php\/wp-json\/wp\/v2\/categories?post=248730"},{"taxonomy":"post_tag","embeddable":true,"href":"https:\/\/corrientesdetarde.com\/index.php\/wp-json\/wp\/v2\/tags?post=248730"}],"curies":[{"name":"wp","href":"https:\/\/api.w.org\/{rel}","templated":true}]}}