{"id":248735,"date":"2026-03-09T20:23:11","date_gmt":"2026-03-09T23:23:11","guid":{"rendered":"https:\/\/corrientesdetarde.com\/?p=248735"},"modified":"2026-03-09T20:23:18","modified_gmt":"2026-03-09T23:23:18","slug":"el-ciclo-mujeres-de-ciencias-medicas-que-inspiran-destaca-el-liderazgo-femenino","status":"publish","type":"post","link":"https:\/\/corrientesdetarde.com\/index.php\/eventos\/el-ciclo-mujeres-de-ciencias-medicas-que-inspiran-destaca-el-liderazgo-femenino\/","title":{"rendered":"El Ciclo \u201cMujeres de Ciencias M\u00e9dicas que Inspiran\u201d destaca el liderazgo femenino"},"content":{"rendered":"\n<p>El pr\u00f3ximo mi\u00e9rcoles 11 de marzo, a las 18:30 horas, tendr\u00e1 lugar en el Recinto de Sesiones de la Legislatura, el ciclo especial \u201cMujeres de Ciencias M\u00e9dicas que Inspiran\u201d.<\/p>\n\n\n\n<p>El ciclo, organizado por la Vicegobernaci\u00f3n de Corrientes y coordinado por la profesora Silvia Pozo, se centrar\u00e1 en compartir trayectorias de vida que sirven como ejemplo de superaci\u00f3n ante los desaf\u00edos inherentes a la carrera m\u00e9dica y cient\u00edfica. Cuatro expositoras no solo compartir\u00e1n sus conocimientos t\u00e9cnicos, sino tambi\u00e9n sus historias personales que las llevaron a destacarse en \u00e1reas cruciales como la lucha contra el c\u00e1ncer y el soporte emocional.<\/p>\n\n\n\n<p>En un campo hist\u00f3ricamente dominado por hombres, este encuentro se convierte en un encuentro especial para visibilizar el impacto transformador de la presencia femenina en el aporte de perspectivas diversas y humanizar la ciencia y la pr\u00e1ctica m\u00e9dica diaria.<\/p>\n\n\n\n<p>En la oportunidad, ser\u00e1n oradoras: la Bioqu\u00edmica Mar\u00eda Carla Zimmermann; la M\u00e9dica becaria de investigaci\u00f3n en la lucha contra el c\u00e1ncer de cuello uterino, Sof\u00eda Perrin Turenne; la Licenciada en Psicooncolog\u00eda, Mar\u00eda Lis Zanin; y la M\u00e9dica Onc\u00f3loga, Natalia Carolina Ayala.<\/p>\n\n\n\n<p>Se invita al p\u00fablico en general a asistir a esta jornada inspiradora.<\/p>\n\n\n\n<figure class=\"wp-block-image size-full\"><img loading=\"lazy\" decoding=\"async\" width=\"932\" height=\"931\" src=\"https:\/\/corrientesdetarde.com\/wp-content\/uploads\/2026\/03\/image-236.png\" alt=\"\" class=\"wp-image-248736\" srcset=\"https:\/\/corrientesdetarde.com\/wp-content\/uploads\/2026\/03\/image-236.png 932w, https:\/\/corrientesdetarde.com\/wp-content\/uploads\/2026\/03\/image-236-300x300.png 300w, https:\/\/corrientesdetarde.com\/wp-content\/uploads\/2026\/03\/image-236-150x150.png 150w, https:\/\/corrientesdetarde.com\/wp-content\/uploads\/2026\/03\/image-236-768x767.png 768w\" sizes=\"auto, (max-width: 932px) 100vw, 932px\" \/><\/figure>\n","protected":false},"excerpt":{"rendered":"<p>El pr\u00f3ximo mi\u00e9rcoles 11 de marzo, a las 18:30 horas, tendr\u00e1 lugar en el Recinto de Sesiones de la Legislatura, el ciclo especial \u201cMujeres de Ciencias M\u00e9dicas que Inspiran\u201d. El&hellip; <\/p>\n","protected":false},"author":4,"featured_media":248737,"comment_status":"closed","ping_status":"open","sticky":false,"template":"","format":"standard","meta":{"footnotes":""},"categories":[22],"tags":[],"class_list":["post-248735","post","type-post","status-publish","format-standard","has-post-thumbnail","hentry","category-eventos"],"_links":{"self":[{"href":"https:\/\/corrientesdetarde.com\/index.php\/wp-json\/wp\/v2\/posts\/248735","targetHints":{"allow":["GET"]}}],"collection":[{"href":"https:\/\/corrientesdetarde.com\/index.php\/wp-json\/wp\/v2\/posts"}],"about":[{"href":"https:\/\/corrientesdetarde.com\/index.php\/wp-json\/wp\/v2\/types\/post"}],"author":[{"embeddable":true,"href":"https:\/\/corrientesdetarde.com\/index.php\/wp-json\/wp\/v2\/users\/4"}],"replies":[{"embeddable":true,"href":"https:\/\/corrientesdetarde.com\/index.php\/wp-json\/wp\/v2\/comments?post=248735"}],"version-history":[{"count":1,"href":"https:\/\/corrientesdetarde.com\/index.php\/wp-json\/wp\/v2\/posts\/248735\/revisions"}],"predecessor-version":[{"id":248738,"href":"https:\/\/corrientesdetarde.com\/index.php\/wp-json\/wp\/v2\/posts\/248735\/revisions\/248738"}],"wp:featuredmedia":[{"embeddable":true,"href":"https:\/\/corrientesdetarde.com\/index.php\/wp-json\/wp\/v2\/media\/248737"}],"wp:attachment":[{"href":"https:\/\/corrientesdetarde.com\/index.php\/wp-json\/wp\/v2\/media?parent=248735"}],"wp:term":[{"taxonomy":"category","embeddable":true,"href":"https:\/\/corrientesdetarde.com\/index.php\/wp-json\/wp\/v2\/categories?post=248735"},{"taxonomy":"post_tag","embeddable":true,"href":"https:\/\/corrientesdetarde.com\/index.php\/wp-json\/wp\/v2\/tags?post=248735"}],"curies":[{"name":"wp","href":"https:\/\/api.w.org\/{rel}","templated":true}]}}