{"id":248744,"date":"2026-03-09T21:35:27","date_gmt":"2026-03-10T00:35:27","guid":{"rendered":"https:\/\/corrientesdetarde.com\/?p=248744"},"modified":"2026-03-09T21:35:33","modified_gmt":"2026-03-10T00:35:33","slug":"el-gobernador-juan-pablo-valdes-participa-de-la-argentina-week-en-nueva-york","status":"publish","type":"post","link":"https:\/\/corrientesdetarde.com\/index.php\/actualidad\/el-gobernador-juan-pablo-valdes-participa-de-la-argentina-week-en-nueva-york\/","title":{"rendered":"El gobernador Juan Pablo Vald\u00e9s participa de la Argentina Week en Nueva York"},"content":{"rendered":"\n<p>El gobernador de Corrientes, Juan Pablo Vald\u00e9s inform\u00f3 este lunes que ya se encuentra en la ciudad de Nueva York (Estados Unidos) para participar de la Argentina Week que se llevar\u00e1 a cabo desde este 9 al 12 de marzo en ese pa\u00eds.<\/p>\n\n\n\n<p>Con respecto a la participaci\u00f3n de Corrientes, el Primer mandatario provincial public\u00f3 en sus redes sociales que &#8220;nuestra provincia tiene mucho para mostrar al mundo&#8221; y a la vez revel\u00f3 que &#8220;por eso participamos de la Argentina Week en Estados Unidos, con grandes empresas y entidades internacionales, a las que les presentaremos el potencial productivo de Corrientes, para atraer sus inversiones&#8221;.<\/p>\n\n\n\n<p><br>&#8220;Iniciamos la agenda de trabajo en una reuni\u00f3n con Amazon y otros gobernadores del pa\u00eds, enfocados en la innovaci\u00f3n, tecnolog\u00eda aplicada a la gesti\u00f3n p\u00fablica y para conocer soluciones que hoy est\u00e1n transformando gobiernos de todo el mundo&#8221; indic\u00f3 Vald\u00e9s.<\/p>\n\n\n\n<p><br>En este marco, agreg\u00f3 el Gobernador que &#8220;estos encuentros nos permiten explorar herramientas que pueden mejorar los servicios del Estado, modernizar la gesti\u00f3n y generar m\u00e1s oportunidades de desarrollo para los correntinos&#8221;.<br>Por \u00faltimo, Juan Pablo Vald\u00e9s comunic\u00f3 que &#8220;durante estas jornadas, tendr\u00e9 reuniones con otras empresas l\u00edderes mundiales y las ONU es&#8221; y a\u00f1adi\u00f3 que &#8220;tambi\u00e9n participar\u00e9 de foros econ\u00f3micos y tecnol\u00f3gicos para el intercambio de oportunidades. Les ir\u00e9 contando el desarrollo de los distintos encuentros&#8221;.<\/p>\n","protected":false},"excerpt":{"rendered":"<p>El gobernador de Corrientes, Juan Pablo Vald\u00e9s inform\u00f3 este lunes que ya se encuentra en la ciudad de Nueva York (Estados Unidos) para participar de la Argentina Week que se&hellip; <\/p>\n","protected":false},"author":4,"featured_media":248745,"comment_status":"closed","ping_status":"open","sticky":false,"template":"","format":"standard","meta":{"footnotes":""},"categories":[23],"tags":[],"class_list":["post-248744","post","type-post","status-publish","format-standard","has-post-thumbnail","hentry","category-actualidad"],"_links":{"self":[{"href":"https:\/\/corrientesdetarde.com\/index.php\/wp-json\/wp\/v2\/posts\/248744","targetHints":{"allow":["GET"]}}],"collection":[{"href":"https:\/\/corrientesdetarde.com\/index.php\/wp-json\/wp\/v2\/posts"}],"about":[{"href":"https:\/\/corrientesdetarde.com\/index.php\/wp-json\/wp\/v2\/types\/post"}],"author":[{"embeddable":true,"href":"https:\/\/corrientesdetarde.com\/index.php\/wp-json\/wp\/v2\/users\/4"}],"replies":[{"embeddable":true,"href":"https:\/\/corrientesdetarde.com\/index.php\/wp-json\/wp\/v2\/comments?post=248744"}],"version-history":[{"count":1,"href":"https:\/\/corrientesdetarde.com\/index.php\/wp-json\/wp\/v2\/posts\/248744\/revisions"}],"predecessor-version":[{"id":248746,"href":"https:\/\/corrientesdetarde.com\/index.php\/wp-json\/wp\/v2\/posts\/248744\/revisions\/248746"}],"wp:featuredmedia":[{"embeddable":true,"href":"https:\/\/corrientesdetarde.com\/index.php\/wp-json\/wp\/v2\/media\/248745"}],"wp:attachment":[{"href":"https:\/\/corrientesdetarde.com\/index.php\/wp-json\/wp\/v2\/media?parent=248744"}],"wp:term":[{"taxonomy":"category","embeddable":true,"href":"https:\/\/corrientesdetarde.com\/index.php\/wp-json\/wp\/v2\/categories?post=248744"},{"taxonomy":"post_tag","embeddable":true,"href":"https:\/\/corrientesdetarde.com\/index.php\/wp-json\/wp\/v2\/tags?post=248744"}],"curies":[{"name":"wp","href":"https:\/\/api.w.org\/{rel}","templated":true}]}}