{"id":248771,"date":"2026-03-10T09:45:25","date_gmt":"2026-03-10T12:45:25","guid":{"rendered":"https:\/\/corrientesdetarde.com\/?p=248771"},"modified":"2026-03-10T09:45:38","modified_gmt":"2026-03-10T12:45:38","slug":"braillard-poccard-las-provincias-asumimos-los-costos-de-la-politica-macroeconomica","status":"publish","type":"post","link":"https:\/\/corrientesdetarde.com\/index.php\/locales\/braillard-poccard-las-provincias-asumimos-los-costos-de-la-politica-macroeconomica\/","title":{"rendered":"Braillard Poccard: \u00abLas provincias asumimos los costos de la pol\u00edtica macroecon\u00f3mica\u00bb"},"content":{"rendered":"\n<h2 class=\"wp-block-heading\">El vicegobernador se refiri\u00f3 al contexto socioecon\u00f3mico que atraviesan muchas familias y elogi\u00f3 las medidas anunciadas por el gobernador Juan Pablo Vald\u00e9s para enfrentar esa coyuntura.<\/h2>\n\n\n\n<p>\u201cLas provincias siempre terminamos teniendo que asumir los costos de la pol\u00edtica macroecon\u00f3mica\u201d expres\u00f3 el el vicegobernador <strong>Pedro Braillard Poccard, quien, <\/strong>al analiza el discurso que el gobernador <strong>Juan Pablo Vald\u00e9s<\/strong> brind\u00f3 d\u00edas atr\u00e1s en la apertura del per\u00edodo legislativo, destac\u00f3 especialmente la decisi\u00f3n del mandatario provincial de destinar <strong>130.000 millones de pesos<\/strong> a la reestructuraci\u00f3n de deudas personales a trav\u00e9s del <strong>Banco de Corrientes<\/strong>.<\/p>\n\n\n\n<p>El vicegobernador verti\u00f3 estos conceptos en una entrevista que brind\u00f3 al diario El Libertador. All\u00ed enfatiz\u00f3 entonces el papel que las administraciones provinciales desempe\u00f1an para amortiguar los efectos de los ciclos econ\u00f3micos nacionales.<\/p>\n\n\n\n<p>Braillard Poccard dio como contexto de la medida anunciada por Vald\u00e9s la situaci\u00f3n de los hogares, marcada por dificultades para cumplir con compromisos financieros y un creciente uso de las tarjetas de cr\u00e9dito. \u201cSe sabe que hay un alto porcentaje de ciudadanos con problemas para pagar sus cuentas, y eso genera intereses muy altos\u201d, advirti\u00f3.<\/p>\n\n\n\n<p>Consider\u00f3 que se trata de una medida \u201csensible y concreta\u201d que permitir\u00e1 regularizar obligaciones, reducir intereses y ofrecer condiciones m\u00e1s favorables a quienes enfrentan dificultades.<\/p>\n\n\n\n<p>Por eso el funcionario destac\u00f3 la responsabilidad creciente de las provincias frente a la coyuntura nacional y la necesidad de aliviar el endeudamiento de las familias correntinas.<\/p>\n\n\n\n<p>El vicegobernador tambi\u00e9n subray\u00f3 el valor pol\u00edtico de cumplir las promesas de campa\u00f1a. \u201cMe gust\u00f3 particularmente cuando se dijo: hay promesas hechas en campa\u00f1a y esas promesas se van a cumplir\u201d, expres\u00f3, destacando que la credibilidad institucional se construye sobre la capacidad de transformar compromisos en acciones.<\/p>\n\n\n\n<p>Para Braillard Poccard, el discurso de Vald\u00e9s no solo traz\u00f3 lineamientos de gesti\u00f3n, sino que reafirm\u00f3 la importancia de sostener la confianza p\u00fablica en tiempos de incertidumbre econ\u00f3mica.<\/p>\n\n\n\n<p>La entrevista completa: https<a href=\"http:\/\/:\/\/www.diarioellibertador.com.ar\/pedro-las-provincias-asumimos-los-costos-de-la-politica-macroeconomica\/\">:\/\/www.diarioellibertador.com.ar\/pedro-las-provincias-asumimos-los-costos-de-la-politica-macroeconomica\/<\/a><\/p>\n\n\n\n<p><\/p>\n","protected":false},"excerpt":{"rendered":"<p>El vicegobernador se refiri\u00f3 al contexto socioecon\u00f3mico que atraviesan muchas familias y elogi\u00f3 las medidas anunciadas por el gobernador Juan Pablo Vald\u00e9s para enfrentar esa coyuntura. \u201cLas provincias siempre terminamos&hellip; <\/p>\n","protected":false},"author":11,"featured_media":248772,"comment_status":"closed","ping_status":"open","sticky":false,"template":"","format":"standard","meta":{"footnotes":""},"categories":[20,8],"tags":[3067,3001,3070,3068,3057,3069],"class_list":["post-248771","post","type-post","status-publish","format-standard","has-post-thumbnail","hentry","category-economia","category-locales","tag-banco-de-corrientes","tag-braillard-poccard","tag-deudas-personales","tag-financiacion","tag-juan-pablo-valdes","tag-reestructuracion"],"_links":{"self":[{"href":"https:\/\/corrientesdetarde.com\/index.php\/wp-json\/wp\/v2\/posts\/248771","targetHints":{"allow":["GET"]}}],"collection":[{"href":"https:\/\/corrientesdetarde.com\/index.php\/wp-json\/wp\/v2\/posts"}],"about":[{"href":"https:\/\/corrientesdetarde.com\/index.php\/wp-json\/wp\/v2\/types\/post"}],"author":[{"embeddable":true,"href":"https:\/\/corrientesdetarde.com\/index.php\/wp-json\/wp\/v2\/users\/11"}],"replies":[{"embeddable":true,"href":"https:\/\/corrientesdetarde.com\/index.php\/wp-json\/wp\/v2\/comments?post=248771"}],"version-history":[{"count":1,"href":"https:\/\/corrientesdetarde.com\/index.php\/wp-json\/wp\/v2\/posts\/248771\/revisions"}],"predecessor-version":[{"id":248773,"href":"https:\/\/corrientesdetarde.com\/index.php\/wp-json\/wp\/v2\/posts\/248771\/revisions\/248773"}],"wp:featuredmedia":[{"embeddable":true,"href":"https:\/\/corrientesdetarde.com\/index.php\/wp-json\/wp\/v2\/media\/248772"}],"wp:attachment":[{"href":"https:\/\/corrientesdetarde.com\/index.php\/wp-json\/wp\/v2\/media?parent=248771"}],"wp:term":[{"taxonomy":"category","embeddable":true,"href":"https:\/\/corrientesdetarde.com\/index.php\/wp-json\/wp\/v2\/categories?post=248771"},{"taxonomy":"post_tag","embeddable":true,"href":"https:\/\/corrientesdetarde.com\/index.php\/wp-json\/wp\/v2\/tags?post=248771"}],"curies":[{"name":"wp","href":"https:\/\/api.w.org\/{rel}","templated":true}]}}