{"id":248774,"date":"2026-03-10T09:54:29","date_gmt":"2026-03-10T12:54:29","guid":{"rendered":"https:\/\/corrientesdetarde.com\/?p=248774"},"modified":"2026-03-10T09:54:42","modified_gmt":"2026-03-10T12:54:42","slug":"por-el-regreso-a-clases-refuerzan-controles-en-paradas-de-colectivos","status":"publish","type":"post","link":"https:\/\/corrientesdetarde.com\/index.php\/destacados\/por-el-regreso-a-clases-refuerzan-controles-en-paradas-de-colectivos\/","title":{"rendered":"Por el regreso a clases, refuerzan controles en paradas de colectivos"},"content":{"rendered":"\n<p>Ante la creciente demanda de los vecinos de los distintos barrios de la ciudad capital, la Polic\u00eda de Corrientes intensific\u00f3 el patrullaje desde las 5 de la ma\u00f1ana, con especial foco en las paradas de transporte p\u00fablico y corredores escolares.<\/p>\n\n\n\n<p>&#8220;Buscamos una mayor circulaci\u00f3n en zonas clave donde la gente acude a tomar el colectivo para ir a trabajar o llevar a los chicos a la escuela, evitando as\u00ed el contacto con personas que circulan en actitud sospechosa a tempranas horas&#8221;, explic\u00f3 el funcionario.<\/p>\n\n\n\n<p>Mart\u00ednez se\u00f1al\u00f3 que, seg\u00fan las estad\u00edsticas de emergencia, los delitos m\u00e1s denunciados siguen siendo los arrebatos e ingresos a domicilios, con las jurisdicciones de las comisar\u00edas S\u00e9ptima y Segunda (zonas de playa Arazaty y San Benito) como las \u00e1reas de mayor actividad.<\/p>\n\n\n\n<p>El subsecretario hizo hincapi\u00e9 en la importancia de que el vecino formalice la denuncia: &#8220;Mucha gente da por perdido lo que le pas\u00f3 y no denuncia, pero nuestro trabajo territorial con los fiscales se basa directamente en la informaci\u00f3n estad\u00edstica que recibimos&#8221;.<\/p>\n\n\n\n<p>Adem\u00e1s, destac\u00f3 que la reciente renovaci\u00f3n de jefaturas y comisarios en la capital busca oxigenar las dependencias y poner nuevas autoridades a disposici\u00f3n de los vecinos.<\/p>\n\n\n\n<p>Un pilar fundamental de la gesti\u00f3n actual es la participaci\u00f3n ciudadana a trav\u00e9s de la tecnolog\u00eda.<\/p>\n\n\n\n<p>Mart\u00ednez resalt\u00f3 la efectividad de los grupos de WhatsApp vecinales, donde los ciudadanos aportan fotos y videos en tiempo real sobre movimientos sospechosos o venta de mercader\u00eda de dudosa procedencia.<\/p>\n\n\n\n<p>&#8220;Estamos afianzando el trabajo con estos grupos; al estar la Polic\u00eda integrada, se logra una alerta inmediata. Es una herramienta de prevenci\u00f3n clave que complementa el patrullaje con balizas encendidas, cuya funci\u00f3n principal es disuadir la intencionalidad delictiva en el barrio&#8221;, afirm\u00f3 el referente de Seguridad.<\/p>\n\n\n\n<p>El funcionario confirm\u00f3 que ya tienen proyectadas reuniones en cinco nuevos barrios para atender pedidos espec\u00edficos de mayor vigilancia.<\/p>\n\n\n\n<p>El programa de encuentros vecinales, que tuvo su \u00faltima edici\u00f3n en el barrio Independencia, busca &#8220;estar m\u00e1s cerca de la gente&#8221; y reforzar conceptos de prevenci\u00f3n comunitaria.<\/p>\n","protected":false},"excerpt":{"rendered":"<p>Ante la creciente demanda de los vecinos de los distintos barrios de la ciudad capital, la Polic\u00eda de Corrientes intensific\u00f3 el patrullaje desde las 5 de la ma\u00f1ana, con especial&hellip; <\/p>\n","protected":false},"author":1,"featured_media":234207,"comment_status":"closed","ping_status":"open","sticky":false,"template":"","format":"standard","meta":{"footnotes":""},"categories":[26],"tags":[],"class_list":["post-248774","post","type-post","status-publish","format-standard","has-post-thumbnail","hentry","category-destacados"],"_links":{"self":[{"href":"https:\/\/corrientesdetarde.com\/index.php\/wp-json\/wp\/v2\/posts\/248774","targetHints":{"allow":["GET"]}}],"collection":[{"href":"https:\/\/corrientesdetarde.com\/index.php\/wp-json\/wp\/v2\/posts"}],"about":[{"href":"https:\/\/corrientesdetarde.com\/index.php\/wp-json\/wp\/v2\/types\/post"}],"author":[{"embeddable":true,"href":"https:\/\/corrientesdetarde.com\/index.php\/wp-json\/wp\/v2\/users\/1"}],"replies":[{"embeddable":true,"href":"https:\/\/corrientesdetarde.com\/index.php\/wp-json\/wp\/v2\/comments?post=248774"}],"version-history":[{"count":1,"href":"https:\/\/corrientesdetarde.com\/index.php\/wp-json\/wp\/v2\/posts\/248774\/revisions"}],"predecessor-version":[{"id":248775,"href":"https:\/\/corrientesdetarde.com\/index.php\/wp-json\/wp\/v2\/posts\/248774\/revisions\/248775"}],"wp:featuredmedia":[{"embeddable":true,"href":"https:\/\/corrientesdetarde.com\/index.php\/wp-json\/wp\/v2\/media\/234207"}],"wp:attachment":[{"href":"https:\/\/corrientesdetarde.com\/index.php\/wp-json\/wp\/v2\/media?parent=248774"}],"wp:term":[{"taxonomy":"category","embeddable":true,"href":"https:\/\/corrientesdetarde.com\/index.php\/wp-json\/wp\/v2\/categories?post=248774"},{"taxonomy":"post_tag","embeddable":true,"href":"https:\/\/corrientesdetarde.com\/index.php\/wp-json\/wp\/v2\/tags?post=248774"}],"curies":[{"name":"wp","href":"https:\/\/api.w.org\/{rel}","templated":true}]}}