{"id":248780,"date":"2026-03-10T13:00:21","date_gmt":"2026-03-10T16:00:21","guid":{"rendered":"https:\/\/corrientesdetarde.com\/?p=248780"},"modified":"2026-03-10T13:00:33","modified_gmt":"2026-03-10T16:00:33","slug":"el-colectivo-de-lectura-inicia-un-nuevo-recorrido-por-instituciones-de-capital-y-del-interior-provincial","status":"publish","type":"post","link":"https:\/\/corrientesdetarde.com\/index.php\/educacion\/el-colectivo-de-lectura-inicia-un-nuevo-recorrido-por-instituciones-de-capital-y-del-interior-provincial\/","title":{"rendered":"El Colectivo de Lectura inicia un nuevo recorrido por instituciones de capital y del interior provincial"},"content":{"rendered":"\n<p>El Ministerio de Educaci\u00f3n inici\u00f3 el viernes pasado un nuevo recorrido del Colectivo de lectura que, en esta oportunidad alcanzar\u00e1 a una decena de destinos tanto de capital como del interior provincial. El cronograma de visitas comenz\u00f3 en el Biblioteca \u00d1a\u00f1uva de capital y contin\u00faa hoy martes de 9 a 12 en el Colegio Sant\u00edsimo Sacramento.<\/p>\n\n\n\n<p>El Colectivo de Lectura del Ministerio de Educaci\u00f3n busca fortalecer el v\u00ednculo entre las instituciones educativas, espacios comunitarios y bibliotecas populares con sus comunidades, fomentando el h\u00e1bito lector y brindando espacios de encuentro cultural accesibles y significativos. Adem\u00e1s de las actividades l\u00fadicas para los alumnos, durante estas jornadas se invita a las familias a participar de &#8220;Mateadas Literarias&#8221; que son espacios de integraci\u00f3n entre el hogar y la escuela, entendiendo que la identidad y el placer por la lectura se fortalecen cuando se comparten.<\/p>\n\n\n\n<p><strong>Colegio Sant\u00edsimo Sacramento<\/strong><\/p>\n\n\n\n<p>La jornada que comenz\u00f3 esta ma\u00f1ana en el Colegio Sant\u00edsimo Sacramento contar\u00e1 con una propuesta art\u00edstica central: un escenario montado en el Colectivo de Lectura donde se presentar\u00e1n funciones de t\u00edteres y narraciones dise\u00f1adas espec\u00edficamente para resaltar la cultura correntina.<\/p>\n\n\n\n<p><strong>Recorrido<\/strong><\/p>\n\n\n\n<p>El recorrido del Colectivo continuar\u00e1 el mi\u00e9rcoles en el Centro de Promoci\u00f3n de Derecho &#8220;Coraz\u00f3n de Ni\u00f1o&#8221; (Hern\u00e1n Cort\u00e9s 331, Barrio Juan de Vera).&nbsp;<\/p>\n\n\n\n<p>El jueves 12 de marzo el destino ser\u00e1 Escuela N\u00b0 141 &#8220;Ber\u00f3n de Astrada&#8221; \u2013 Instituci\u00f3n Cabecera de Santo Tom\u00e9 y contar\u00e1 con la participaci\u00f3n de alumnos de las Escuelas N\u00b0 141 y delegaciones de las escuelas N\u00b0 687, 554, 811, 311, 142, 481, 562 y Escuela Especial N\u00b0 17.<\/p>\n\n\n\n<p>El viernes 13 de marzo ser\u00e1 el turno de la Escuela N\u00b0 93 &#8220;General San Mart\u00edn&#8221; \u2013 Instituci\u00f3n Cabecera de Paso de los Libres y para esta ocasi\u00f3n fueron invitados Estudiantes de las Escuelas N\u00b0 93 y delegaciones de las escuelas N\u00b0 619 &#8220;Uruguayana&#8221;, N\u00b0 242 &#8220;Belgrano&#8221; y N\u00b0 667 &#8220;Ver\u00f3n&#8221;.<\/p>\n\n\n\n<p>Para el s\u00e1bado 14 est\u00e1 prevista la visita del Colectivo de Lectura a la Escuela N\u00b0299 de la capital provincial.<\/p>\n\n\n\n<figure class=\"wp-block-image size-large\"><img loading=\"lazy\" decoding=\"async\" width=\"768\" height=\"1024\" src=\"https:\/\/corrientesdetarde.com\/wp-content\/uploads\/2026\/03\/image-239-768x1024.png\" alt=\"\" class=\"wp-image-248781\" srcset=\"https:\/\/corrientesdetarde.com\/wp-content\/uploads\/2026\/03\/image-239-768x1024.png 768w, https:\/\/corrientesdetarde.com\/wp-content\/uploads\/2026\/03\/image-239-225x300.png 225w, https:\/\/corrientesdetarde.com\/wp-content\/uploads\/2026\/03\/image-239.png 960w\" sizes=\"auto, (max-width: 768px) 100vw, 768px\" \/><\/figure>\n\n\n\n<figure class=\"wp-block-image size-large\"><img loading=\"lazy\" decoding=\"async\" width=\"768\" height=\"1024\" src=\"https:\/\/corrientesdetarde.com\/wp-content\/uploads\/2026\/03\/image-241-768x1024.png\" alt=\"\" class=\"wp-image-248783\" srcset=\"https:\/\/corrientesdetarde.com\/wp-content\/uploads\/2026\/03\/image-241-768x1024.png 768w, https:\/\/corrientesdetarde.com\/wp-content\/uploads\/2026\/03\/image-241-225x300.png 225w, https:\/\/corrientesdetarde.com\/wp-content\/uploads\/2026\/03\/image-241.png 960w\" sizes=\"auto, (max-width: 768px) 100vw, 768px\" \/><\/figure>\n","protected":false},"excerpt":{"rendered":"<p>El Ministerio de Educaci\u00f3n inici\u00f3 el viernes pasado un nuevo recorrido del Colectivo de lectura que, en esta oportunidad alcanzar\u00e1 a una decena de destinos tanto de capital como del&hellip; <\/p>\n","protected":false},"author":8,"featured_media":248782,"comment_status":"closed","ping_status":"open","sticky":false,"template":"","format":"standard","meta":{"footnotes":""},"categories":[32],"tags":[],"class_list":["post-248780","post","type-post","status-publish","format-standard","has-post-thumbnail","hentry","category-educacion"],"_links":{"self":[{"href":"https:\/\/corrientesdetarde.com\/index.php\/wp-json\/wp\/v2\/posts\/248780","targetHints":{"allow":["GET"]}}],"collection":[{"href":"https:\/\/corrientesdetarde.com\/index.php\/wp-json\/wp\/v2\/posts"}],"about":[{"href":"https:\/\/corrientesdetarde.com\/index.php\/wp-json\/wp\/v2\/types\/post"}],"author":[{"embeddable":true,"href":"https:\/\/corrientesdetarde.com\/index.php\/wp-json\/wp\/v2\/users\/8"}],"replies":[{"embeddable":true,"href":"https:\/\/corrientesdetarde.com\/index.php\/wp-json\/wp\/v2\/comments?post=248780"}],"version-history":[{"count":1,"href":"https:\/\/corrientesdetarde.com\/index.php\/wp-json\/wp\/v2\/posts\/248780\/revisions"}],"predecessor-version":[{"id":248784,"href":"https:\/\/corrientesdetarde.com\/index.php\/wp-json\/wp\/v2\/posts\/248780\/revisions\/248784"}],"wp:featuredmedia":[{"embeddable":true,"href":"https:\/\/corrientesdetarde.com\/index.php\/wp-json\/wp\/v2\/media\/248782"}],"wp:attachment":[{"href":"https:\/\/corrientesdetarde.com\/index.php\/wp-json\/wp\/v2\/media?parent=248780"}],"wp:term":[{"taxonomy":"category","embeddable":true,"href":"https:\/\/corrientesdetarde.com\/index.php\/wp-json\/wp\/v2\/categories?post=248780"},{"taxonomy":"post_tag","embeddable":true,"href":"https:\/\/corrientesdetarde.com\/index.php\/wp-json\/wp\/v2\/tags?post=248780"}],"curies":[{"name":"wp","href":"https:\/\/api.w.org\/{rel}","templated":true}]}}